{"id":30420,"date":"2023-03-29T09:24:40","date_gmt":"2023-03-29T12:24:40","guid":{"rendered":"http:\/\/dsrmedios.com.ar\/diario\/?p=30420"},"modified":"2023-03-29T09:24:43","modified_gmt":"2023-03-29T12:24:43","slug":"cruzada-salamone-bike-paso-por-carhue","status":"publish","type":"post","link":"http:\/\/dsrmedios.com.ar\/diario\/archivos\/30420","title":{"rendered":"Cruzada Salamone Bike pas\u00f3 por Carhu\u00e9"},"content":{"rendered":"\n<p>La primera traves\u00eda en Rural Bike \u201cSalamone Bike\u201d pas\u00f3 por Adolfo Alsina, visitando las obras del Arq. Francisco Salamone en la ciudad de Carhu\u00e9: el Matadero, el Palacio Municipal y el Cristo. Los ciclistas tambi\u00e9n visitaron la Playa Ecosustentable.<\/p>\n\n\n\n<p>La 1\u00b0 edici\u00f3n de Cruzada Salamone Bikes contemplaba un recorrido de 190 km para atravesar 5 municipios, incluyendo Adolfo Alsina. Iniciando en la ciudad de Pellegrini, pasando por Tres Lomas, Salliquel\u00f3, Carhu\u00e9 y Guamin\u00ed.<\/p>\n\n\n\n<p>El evento, iniciativa que surge con una mirada puesta en la vinculaci\u00f3n de la regi\u00f3n a trav\u00e9s de una actividad deportiva que en los \u00faltimos tiempos es una de las m\u00e1s elegidas y la cual genera adem\u00e1s de bienestar f\u00edsico y mental, momentos de placer en contacto con la naturaleza, se desarroll\u00f3 los d\u00edas 24, 25 y 26 de marzo.<\/p>\n","protected":false},"excerpt":{"rendered":"<div class=\"mh-excerpt\"><p>La primera traves\u00eda en Rural Bike \u201cSalamone Bike\u201d pas\u00f3 por Adolfo Alsina, visitando las obras del Arq. Francisco Salamone en la ciudad de Carhu\u00e9: el Matadero, el Palacio Municipal y el Cristo. Los ciclistas tambi\u00e9n visitaron la Playa Ecosustentable. La 1\u00b0 edici\u00f3n de Cruzada Salamone Bikes contemplaba un recorrido de 190 km para atravesar 5 municipios, incluyendo Adolfo Alsina. Iniciando en la ciudad de Pellegrini, pasando por Tres Lomas, Salliquel\u00f3, Carhu\u00e9 y Guamin\u00ed. El evento, iniciativa que surge con una mirada puesta en la vinculaci\u00f3n de la regi\u00f3n a trav\u00e9s de una actividad deportiva que en los \u00faltimos tiempos es <a class=\"mh-excerpt-more\" href=\"http:\/\/dsrmedios.com.ar\/diario\/archivos\/30420\" title=\"Cruzada Salamone Bike pas\u00f3 por Carhu\u00e9\">[Leer m\u00e1s]<\/a><\/p>\n<\/div>","protected":false},"author":5,"featured_media":30421,"comment_status":"open","ping_status":"closed","sticky":false,"template":"","format":"standard","meta":{"_jetpack_newsletter_access":""},"categories":[7],"tags":[],"jetpack_featured_media_url":"http:\/\/dsrmedios.com.ar\/diario\/wp-content\/uploads\/2023\/03\/salamone2.jpg","jetpack_sharing_enabled":true,"jetpack_shortlink":"https:\/\/wp.me\/p9fihK-7UE","_links":{"self":[{"href":"http:\/\/dsrmedios.com.ar\/diario\/wp-json\/wp\/v2\/posts\/30420"}],"collection":[{"href":"http:\/\/dsrmedios.com.ar\/diario\/wp-json\/wp\/v2\/posts"}],"about":[{"href":"http:\/\/dsrmedios.com.ar\/diario\/wp-json\/wp\/v2\/types\/post"}],"author":[{"embeddable":true,"href":"http:\/\/dsrmedios.com.ar\/diario\/wp-json\/wp\/v2\/users\/5"}],"replies":[{"embeddable":true,"href":"http:\/\/dsrmedios.com.ar\/diario\/wp-json\/wp\/v2\/comments?post=30420"}],"version-history":[{"count":1,"href":"http:\/\/dsrmedios.com.ar\/diario\/wp-json\/wp\/v2\/posts\/30420\/revisions"}],"predecessor-version":[{"id":30422,"href":"http:\/\/dsrmedios.com.ar\/diario\/wp-json\/wp\/v2\/posts\/30420\/revisions\/30422"}],"wp:featuredmedia":[{"embeddable":true,"href":"http:\/\/dsrmedios.com.ar\/diario\/wp-json\/wp\/v2\/media\/30421"}],"wp:attachment":[{"href":"http:\/\/dsrmedios.com.ar\/diario\/wp-json\/wp\/v2\/media?parent=30420"}],"wp:term":[{"taxonomy":"category","embeddable":true,"href":"http:\/\/dsrmedios.com.ar\/diario\/wp-json\/wp\/v2\/categories?post=30420"},{"taxonomy":"post_tag","embeddable":true,"href":"http:\/\/dsrmedios.com.ar\/diario\/wp-json\/wp\/v2\/tags?post=30420"}],"curies":[{"name":"wp","href":"https:\/\/api.w.org\/{rel}","templated":true}]}}