{"id":30415,"date":"2023-03-29T09:07:29","date_gmt":"2023-03-29T12:07:29","guid":{"rendered":"http:\/\/dsrmedios.com.ar\/diario\/?p=30415"},"modified":"2023-03-29T09:07:33","modified_gmt":"2023-03-29T12:07:33","slug":"declararon-el-estado-de-emergencia-y-o-desastre-agropecuario-en-adolfo-alsina","status":"publish","type":"post","link":"http:\/\/dsrmedios.com.ar\/diario\/archivos\/30415","title":{"rendered":"Declararon el Estado de Emergencia y\/o Desastre Agropecuario en Adolfo Alsina"},"content":{"rendered":"\n<p>Se declar\u00f3 el Estado de Emergencia y\/o Desastre Agropecuario por Sequ\u00eda por listado de productores de Adolfo Alsina, por el per\u00edodo comprendido entre el 1\/11\/2022 al 31\/8\/2023.-<\/p>\n\n\n\n<p>Los productores agropecuarios interesados deben inscribirse a trav\u00e9s del siguiente formulario:<br>https:\/\/www.adolfoalsina.gov.ar\/areas\/produccion\/ y hacer click en Emergencia Agropecuaria.<\/p>\n\n\n\n<p>Por informes y consultas dirigirse al WhatsApp (2923) \u2013 464219 o a las Oficinas de la Secretar\u00eda de Producci\u00f3n de Adolfo Alsina, Col\u00f3n y Belgrano de Carhu\u00e9.<\/p>\n","protected":false},"excerpt":{"rendered":"<div class=\"mh-excerpt\"><p>Se declar\u00f3 el Estado de Emergencia y\/o Desastre Agropecuario por Sequ\u00eda por listado de productores de Adolfo Alsina, por el per\u00edodo comprendido entre el 1\/11\/2022 al 31\/8\/2023.- Los productores agropecuarios interesados deben inscribirse a trav\u00e9s del siguiente formulario:https:\/\/www.adolfoalsina.gov.ar\/areas\/produccion\/ y hacer click en Emergencia Agropecuaria. Por informes y consultas dirigirse al WhatsApp (2923) \u2013 464219 o a las Oficinas de la Secretar\u00eda de Producci\u00f3n de Adolfo Alsina, Col\u00f3n y Belgrano de Carhu\u00e9.<\/p>\n<\/div>","protected":false},"author":5,"featured_media":5451,"comment_status":"open","ping_status":"closed","sticky":false,"template":"","format":"standard","meta":{"_jetpack_newsletter_access":""},"categories":[31],"tags":[],"jetpack_featured_media_url":"http:\/\/dsrmedios.com.ar\/diario\/wp-content\/uploads\/2018\/04\/sequiaaa.jpg","jetpack_sharing_enabled":true,"jetpack_shortlink":"https:\/\/wp.me\/p9fihK-7Uz","_links":{"self":[{"href":"http:\/\/dsrmedios.com.ar\/diario\/wp-json\/wp\/v2\/posts\/30415"}],"collection":[{"href":"http:\/\/dsrmedios.com.ar\/diario\/wp-json\/wp\/v2\/posts"}],"about":[{"href":"http:\/\/dsrmedios.com.ar\/diario\/wp-json\/wp\/v2\/types\/post"}],"author":[{"embeddable":true,"href":"http:\/\/dsrmedios.com.ar\/diario\/wp-json\/wp\/v2\/users\/5"}],"replies":[{"embeddable":true,"href":"http:\/\/dsrmedios.com.ar\/diario\/wp-json\/wp\/v2\/comments?post=30415"}],"version-history":[{"count":1,"href":"http:\/\/dsrmedios.com.ar\/diario\/wp-json\/wp\/v2\/posts\/30415\/revisions"}],"predecessor-version":[{"id":30416,"href":"http:\/\/dsrmedios.com.ar\/diario\/wp-json\/wp\/v2\/posts\/30415\/revisions\/30416"}],"wp:featuredmedia":[{"embeddable":true,"href":"http:\/\/dsrmedios.com.ar\/diario\/wp-json\/wp\/v2\/media\/5451"}],"wp:attachment":[{"href":"http:\/\/dsrmedios.com.ar\/diario\/wp-json\/wp\/v2\/media?parent=30415"}],"wp:term":[{"taxonomy":"category","embeddable":true,"href":"http:\/\/dsrmedios.com.ar\/diario\/wp-json\/wp\/v2\/categories?post=30415"},{"taxonomy":"post_tag","embeddable":true,"href":"http:\/\/dsrmedios.com.ar\/diario\/wp-json\/wp\/v2\/tags?post=30415"}],"curies":[{"name":"wp","href":"https:\/\/api.w.org\/{rel}","templated":true}]}}