{"id":30401,"date":"2023-03-29T08:27:35","date_gmt":"2023-03-29T11:27:35","guid":{"rendered":"http:\/\/dsrmedios.com.ar\/diario\/?p=30401"},"modified":"2023-03-29T08:27:39","modified_gmt":"2023-03-29T11:27:39","slug":"actos-por-el-dia-del-veterano-y-de-los-caidos-en-la-guerra-de-malvinas","status":"publish","type":"post","link":"http:\/\/dsrmedios.com.ar\/diario\/archivos\/30401","title":{"rendered":"<strong>Actos por el D\u00eda del Veterano y de los Ca\u00eddos en la Guerra de Malvinas<\/strong>"},"content":{"rendered":"\n<h3><strong>La Municipalidad y Jefatura Distrital de Adolfo Alsina invitan a conmemorar el D\u00eda del Veterano y de los Ca\u00eddos en la Guerra de Malvinas en Adolfo Alsina en las localidades del distrito.<br><br>Los actos\u00a0se realizar\u00e1n el domingo 2 de abril seg\u00fan el siguiente cronograma:<br><br>10:00hs Ant\u00e1rtida y Av. San Mart\u00edn de Rivera.<br>11:00hs Cortada de la Plaza de Carhu\u00e9 con la participaci\u00f3n del Grupo Folkl\u00f3rico &#8220;Guardapampa&#8221;.<br>11:00hs Av. 9 de Julio y Malvinas de San Miguel Arc\u00e1ngel.\u00a0<br>17:30hs Acceso Carlos Handorff Villa Maza &#8211; Inauguraci\u00f3n del monumento &#8220;Eterno Centinela de Malvinas&#8221;.<\/strong><\/h3>\n","protected":false},"excerpt":{"rendered":"<div class=\"mh-excerpt\"><p>La Municipalidad y Jefatura Distrital de Adolfo Alsina invitan a conmemorar el D\u00eda del Veterano y de los Ca\u00eddos en la Guerra de Malvinas en Adolfo Alsina en las localidades del distrito. Los actos\u00a0se realizar\u00e1n el domingo 2 de abril seg\u00fan el siguiente cronograma: 10:00hs Ant\u00e1rtida y Av. San Mart\u00edn de Rivera.11:00hs Cortada de la Plaza de Carhu\u00e9 con la participaci\u00f3n del Grupo Folkl\u00f3rico &#8220;Guardapampa&#8221;.11:00hs Av. 9 de Julio y Malvinas de San Miguel Arc\u00e1ngel.\u00a017:30hs Acceso Carlos Handorff Villa Maza &#8211; Inauguraci\u00f3n del monumento &#8220;Eterno Centinela de Malvinas&#8221;.<\/p>\n<\/div>","protected":false},"author":5,"featured_media":30407,"comment_status":"open","ping_status":"closed","sticky":false,"template":"","format":"standard","meta":{"_jetpack_newsletter_access":""},"categories":[31],"tags":[],"jetpack_featured_media_url":"http:\/\/dsrmedios.com.ar\/diario\/wp-content\/uploads\/2023\/03\/malvinas.jpg","jetpack_sharing_enabled":true,"jetpack_shortlink":"https:\/\/wp.me\/p9fihK-7Ul","_links":{"self":[{"href":"http:\/\/dsrmedios.com.ar\/diario\/wp-json\/wp\/v2\/posts\/30401"}],"collection":[{"href":"http:\/\/dsrmedios.com.ar\/diario\/wp-json\/wp\/v2\/posts"}],"about":[{"href":"http:\/\/dsrmedios.com.ar\/diario\/wp-json\/wp\/v2\/types\/post"}],"author":[{"embeddable":true,"href":"http:\/\/dsrmedios.com.ar\/diario\/wp-json\/wp\/v2\/users\/5"}],"replies":[{"embeddable":true,"href":"http:\/\/dsrmedios.com.ar\/diario\/wp-json\/wp\/v2\/comments?post=30401"}],"version-history":[{"count":2,"href":"http:\/\/dsrmedios.com.ar\/diario\/wp-json\/wp\/v2\/posts\/30401\/revisions"}],"predecessor-version":[{"id":30414,"href":"http:\/\/dsrmedios.com.ar\/diario\/wp-json\/wp\/v2\/posts\/30401\/revisions\/30414"}],"wp:featuredmedia":[{"embeddable":true,"href":"http:\/\/dsrmedios.com.ar\/diario\/wp-json\/wp\/v2\/media\/30407"}],"wp:attachment":[{"href":"http:\/\/dsrmedios.com.ar\/diario\/wp-json\/wp\/v2\/media?parent=30401"}],"wp:term":[{"taxonomy":"category","embeddable":true,"href":"http:\/\/dsrmedios.com.ar\/diario\/wp-json\/wp\/v2\/categories?post=30401"},{"taxonomy":"post_tag","embeddable":true,"href":"http:\/\/dsrmedios.com.ar\/diario\/wp-json\/wp\/v2\/tags?post=30401"}],"curies":[{"name":"wp","href":"https:\/\/api.w.org\/{rel}","templated":true}]}}