{"id":30399,"date":"2023-03-29T14:58:51","date_gmt":"2023-03-29T17:58:51","guid":{"rendered":"http:\/\/dsrmedios.com.ar\/diario\/?p=30399"},"modified":"2023-03-30T07:43:29","modified_gmt":"2023-03-30T10:43:29","slug":"entrevistamos-en-radio-103-9-a-david-rodas-coordinador-de-la-libertad-avanza-para-adolfo-alsina","status":"publish","type":"post","link":"http:\/\/dsrmedios.com.ar\/diario\/archivos\/30399","title":{"rendered":"Entrevistamos en Radio 103.9 a David Rodas coordinador de La Libertad Avanza para Adolfo Alsina"},"content":{"rendered":"\n<p><strong>Conversamos con David Rodas quien se present\u00f3 como referente de La Libertad Avanza una novedosa agrupaci\u00f3n pol\u00edtica que est\u00e1 generando un ruido bastante interesante, buen d\u00eda y gracias por por venir a charlar con nosotros.<\/strong><\/p>\n\n\n\n<p>&#8220;Buen d\u00eda Doni y la verdad que es un gusto conocerte en esta oportunidad ac\u00e1 y comentarte todo este este este lindo proyecto que empez\u00f3 hace ya unos a\u00f1os.<\/p>\n\n\n\n<p><strong>La Libertad Avanza qu\u00e9 es lo que suscita en la gente joven fundamentalmente porque veo por todas las encuestas que los j\u00f3venes est\u00e1n volc\u00e1ndose a mi ley, qu\u00e9 pasa?<\/strong><\/p>\n\n\n\n<p>Mira es algo incre\u00edble todo esto.  Yo a Javier lo sigo desde antes que empiece todo este proyecto pol\u00edtico.  Lo sigo en la parte econ\u00f3mica porque estudi\u00e9 econom\u00eda dos a\u00f1os Pero lo sigo desde esa parte es que empez\u00f3 a aparecer en los medios y despu\u00e9s de que estaba en pol\u00edtica a escucharlo hablar siempre. Opinando, Realidades las realidades no algo dibujado, sino realidades de lo que nos pasa diariamente a uno que anda. Que vive que trabaja que es una persona un laburante com\u00fan. Un comerciante la persona que trabaja en el campo cualquier cualquier sea el sector.<\/p>\n\n\n\n<p> (escuche la entrevista completa en el link de audio adjunto)<\/p>\n\n\n\n<figure class=\"wp-block-audio\"><audio controls src=\"http:\/\/dsrmedios.com.ar\/diario\/wp-content\/uploads\/2023\/03\/David-Rodas-Coordinador-Libertad-Avanza-28-marzo-2023.mp3\"><\/audio><\/figure>\n","protected":false},"excerpt":{"rendered":"<div class=\"mh-excerpt\"><p>Conversamos con David Rodas quien se present\u00f3 como referente de La Libertad Avanza una novedosa agrupaci\u00f3n pol\u00edtica que est\u00e1 generando un ruido bastante interesante, buen d\u00eda y gracias por por venir a charlar con nosotros. &#8220;Buen d\u00eda Doni y la verdad que es un gusto conocerte en esta oportunidad ac\u00e1 y comentarte todo este este este lindo proyecto que empez\u00f3 hace ya unos a\u00f1os. La Libertad Avanza qu\u00e9 es lo que suscita en la gente joven fundamentalmente porque veo por todas las encuestas que los j\u00f3venes est\u00e1n volc\u00e1ndose a mi ley, qu\u00e9 pasa? Mira es algo incre\u00edble todo esto. Yo <a class=\"mh-excerpt-more\" href=\"http:\/\/dsrmedios.com.ar\/diario\/archivos\/30399\" title=\"Entrevistamos en Radio 103.9 a David Rodas coordinador de La Libertad Avanza para Adolfo Alsina\">[Leer m\u00e1s]<\/a><\/p>\n<\/div>","protected":false},"author":5,"featured_media":30431,"comment_status":"open","ping_status":"closed","sticky":false,"template":"","format":"standard","meta":{"_jetpack_newsletter_access":""},"categories":[32,45],"tags":[],"jetpack_featured_media_url":"http:\/\/dsrmedios.com.ar\/diario\/wp-content\/uploads\/2023\/03\/La_Libertad_Avanza.png","jetpack_sharing_enabled":true,"jetpack_shortlink":"https:\/\/wp.me\/p9fihK-7Uj","_links":{"self":[{"href":"http:\/\/dsrmedios.com.ar\/diario\/wp-json\/wp\/v2\/posts\/30399"}],"collection":[{"href":"http:\/\/dsrmedios.com.ar\/diario\/wp-json\/wp\/v2\/posts"}],"about":[{"href":"http:\/\/dsrmedios.com.ar\/diario\/wp-json\/wp\/v2\/types\/post"}],"author":[{"embeddable":true,"href":"http:\/\/dsrmedios.com.ar\/diario\/wp-json\/wp\/v2\/users\/5"}],"replies":[{"embeddable":true,"href":"http:\/\/dsrmedios.com.ar\/diario\/wp-json\/wp\/v2\/comments?post=30399"}],"version-history":[{"count":2,"href":"http:\/\/dsrmedios.com.ar\/diario\/wp-json\/wp\/v2\/posts\/30399\/revisions"}],"predecessor-version":[{"id":30434,"href":"http:\/\/dsrmedios.com.ar\/diario\/wp-json\/wp\/v2\/posts\/30399\/revisions\/30434"}],"wp:featuredmedia":[{"embeddable":true,"href":"http:\/\/dsrmedios.com.ar\/diario\/wp-json\/wp\/v2\/media\/30431"}],"wp:attachment":[{"href":"http:\/\/dsrmedios.com.ar\/diario\/wp-json\/wp\/v2\/media?parent=30399"}],"wp:term":[{"taxonomy":"category","embeddable":true,"href":"http:\/\/dsrmedios.com.ar\/diario\/wp-json\/wp\/v2\/categories?post=30399"},{"taxonomy":"post_tag","embeddable":true,"href":"http:\/\/dsrmedios.com.ar\/diario\/wp-json\/wp\/v2\/tags?post=30399"}],"curies":[{"name":"wp","href":"https:\/\/api.w.org\/{rel}","templated":true}]}}