{"id":30393,"date":"2023-03-28T06:51:37","date_gmt":"2023-03-28T09:51:37","guid":{"rendered":"http:\/\/dsrmedios.com.ar\/diario\/?p=30393"},"modified":"2023-03-28T06:51:41","modified_gmt":"2023-03-28T09:51:41","slug":"vuelve-el-desafio-multicolor","status":"publish","type":"post","link":"http:\/\/dsrmedios.com.ar\/diario\/archivos\/30393","title":{"rendered":"\u00a1\u00a1Vuelve el Desaf\u00edo Multicolor!!"},"content":{"rendered":"\n<p>\u00a1\u00a1Vuelve el Desaf\u00edo Multicolor!! &#x1f49c;&#x1f499;&#x1f49a;&#x1f49b;&#x1f9e1;<\/p>\n\n\n\n<p>&#x1f449;Si sos parte de una institucion, tenes un local, sos una persona publica o salis a dar la vuelta al perro en auto el domingo 2 de abril lleves algo multicolor(puede ser una tirita de cintas, de papeles, vestirte de muchos colores, lo que sea).<\/p>\n\n\n\n<p>El Autismo se reconoce con el color azul&#x1f499; (\u201cbrillante como el mar en un d\u00eda de verano y otras veces se oscurece como un mar en tempestad\u201d), la idea es apostar al multicolor, pensando en la diversidad&#x2764;&#x1f499;&#x1f9e1;&#x1f49a;&#x1f49c;<\/p>\n\n\n\n<p>Cada a\u00f1o nos pone muy contentos el compromiso de todo con este d\u00eda de concientizaci\u00f3n. \u00bfNos acompa\u00f1as?<\/p>\n\n\n\n<p>&#x1f449;Pasos a seguir:<br>1- Pensar y aplicar algo multicolor<br>2- Sacate una foto!<br>3- Etiqueta a @municipalidadadolfoalsina y a @todos.somosparte<br>4- Usamos el hashtag #todossomosparte<\/p>\n","protected":false},"excerpt":{"rendered":"<div class=\"mh-excerpt\"><p>\u00a1\u00a1Vuelve el Desaf\u00edo Multicolor!! &#x1f49c;&#x1f499;&#x1f49a;&#x1f49b;&#x1f9e1; &#x1f449;Si sos parte de una institucion, tenes un local, sos una persona publica o salis a dar la vuelta al perro en auto el domingo 2 de abril lleves algo multicolor(puede ser una tirita de cintas, de papeles, vestirte de muchos colores, lo que sea). El Autismo se reconoce con el color azul&#x1f499; (\u201cbrillante como el mar en un d\u00eda de verano y otras veces se oscurece como un mar en tempestad\u201d), la idea es apostar al multicolor, pensando en la diversidad&#x2764;&#x1f499;&#x1f9e1;&#x1f49a;&#x1f49c; Cada a\u00f1o nos pone muy contentos el compromiso de todo con este d\u00eda <a class=\"mh-excerpt-more\" href=\"http:\/\/dsrmedios.com.ar\/diario\/archivos\/30393\" title=\"\u00a1\u00a1Vuelve el Desaf\u00edo Multicolor!!\">[Leer m\u00e1s]<\/a><\/p>\n<\/div>","protected":false},"author":6,"featured_media":30394,"comment_status":"open","ping_status":"closed","sticky":false,"template":"","format":"standard","meta":{"_jetpack_newsletter_access":""},"categories":[31],"tags":[],"jetpack_featured_media_url":"http:\/\/dsrmedios.com.ar\/diario\/wp-content\/uploads\/2023\/03\/337263990_232376832646365_1905189828972773764_n.jpg","jetpack_sharing_enabled":true,"jetpack_shortlink":"https:\/\/wp.me\/p9fihK-7Ud","_links":{"self":[{"href":"http:\/\/dsrmedios.com.ar\/diario\/wp-json\/wp\/v2\/posts\/30393"}],"collection":[{"href":"http:\/\/dsrmedios.com.ar\/diario\/wp-json\/wp\/v2\/posts"}],"about":[{"href":"http:\/\/dsrmedios.com.ar\/diario\/wp-json\/wp\/v2\/types\/post"}],"author":[{"embeddable":true,"href":"http:\/\/dsrmedios.com.ar\/diario\/wp-json\/wp\/v2\/users\/6"}],"replies":[{"embeddable":true,"href":"http:\/\/dsrmedios.com.ar\/diario\/wp-json\/wp\/v2\/comments?post=30393"}],"version-history":[{"count":1,"href":"http:\/\/dsrmedios.com.ar\/diario\/wp-json\/wp\/v2\/posts\/30393\/revisions"}],"predecessor-version":[{"id":30395,"href":"http:\/\/dsrmedios.com.ar\/diario\/wp-json\/wp\/v2\/posts\/30393\/revisions\/30395"}],"wp:featuredmedia":[{"embeddable":true,"href":"http:\/\/dsrmedios.com.ar\/diario\/wp-json\/wp\/v2\/media\/30394"}],"wp:attachment":[{"href":"http:\/\/dsrmedios.com.ar\/diario\/wp-json\/wp\/v2\/media?parent=30393"}],"wp:term":[{"taxonomy":"category","embeddable":true,"href":"http:\/\/dsrmedios.com.ar\/diario\/wp-json\/wp\/v2\/categories?post=30393"},{"taxonomy":"post_tag","embeddable":true,"href":"http:\/\/dsrmedios.com.ar\/diario\/wp-json\/wp\/v2\/tags?post=30393"}],"curies":[{"name":"wp","href":"https:\/\/api.w.org\/{rel}","templated":true}]}}