{"id":30306,"date":"2023-03-22T08:32:29","date_gmt":"2023-03-22T11:32:29","guid":{"rendered":"http:\/\/dsrmedios.com.ar\/diario\/?p=30306"},"modified":"2023-03-22T08:32:32","modified_gmt":"2023-03-22T11:32:32","slug":"finde-largo-en-carhue-y-rivera","status":"publish","type":"post","link":"http:\/\/dsrmedios.com.ar\/diario\/archivos\/30306","title":{"rendered":"Finde largo en Carhu\u00e9 y Rivera"},"content":{"rendered":"\n<p><\/p>\n\n\n\n<p>La Secretar\u00eda de Turismo de Adolfo Alsina presenta las actividades en Carhu\u00e9 y Rivera para el pr\u00f3ximo fin de semana largo del 24 al 26 de marzo.<\/p>\n\n\n\n<p>Las actividades, para disfrutar del aire libre, de comidas t\u00edpicas, de visitas guiadas, observaci\u00f3n de aves, paseos por el campo para inspirarse en la naturaleza y reconectarse con uno, dan inicio el 24 de marzo con una Caminata Guiada por el Sendero del Molle (actividad gratuita) con salida desde la Secretar\u00eda de Turismo de Carhu\u00e9, Col\u00f3n y Belgrano, a las 17 hs.<\/p>\n\n\n\n<p>En tanto que el 25 de marzo se realizar\u00e1 una Visita Guiada al Circuito Hist\u00f3rico de Rivera con Almuerzo T\u00edpico y transporte incluido, la visita incluye escuela Agraria y visita a la Sinagoga; para esta actividad se debe reservar lugar a trav\u00e9s del Whatsapp (2923) 427092. Por la tarde, a las 17 hs., el mismo s\u00e1bado 25 de marzo, se realizar\u00e1 una Caminata Guiada por las Ruinas de Epecu\u00e9n (Consultas al Whatsapp 2936 &#8211; 408410)<\/p>\n\n\n\n<p>El domingo 26 de marzo, para finalizar el finde, se har\u00e1 una Visita Guiada por las Ruinas de Epecu\u00e9n a las 9:30 hs. (Consultas al Whatsapp 2936 &#8211; 408410) y a la misma hora se har\u00e1 9:30 la actividad de Observaci\u00f3n de Aves (actividad gratuita), salida desde la Secretar\u00eda de Turismo, Col\u00f3n y Belgrano de Carhu\u00e9.<\/p>\n","protected":false},"excerpt":{"rendered":"<div class=\"mh-excerpt\"><p>La Secretar\u00eda de Turismo de Adolfo Alsina presenta las actividades en Carhu\u00e9 y Rivera para el pr\u00f3ximo fin de semana largo del 24 al 26 de marzo. Las actividades, para disfrutar del aire libre, de comidas t\u00edpicas, de visitas guiadas, observaci\u00f3n de aves, paseos por el campo para inspirarse en la naturaleza y reconectarse con uno, dan inicio el 24 de marzo con una Caminata Guiada por el Sendero del Molle (actividad gratuita) con salida desde la Secretar\u00eda de Turismo de Carhu\u00e9, Col\u00f3n y Belgrano, a las 17 hs. En tanto que el 25 de marzo se realizar\u00e1 una Visita <a class=\"mh-excerpt-more\" href=\"http:\/\/dsrmedios.com.ar\/diario\/archivos\/30306\" title=\"Finde largo en Carhu\u00e9 y Rivera\">[Leer m\u00e1s]<\/a><\/p>\n<\/div>","protected":false},"author":5,"featured_media":30307,"comment_status":"open","ping_status":"closed","sticky":false,"template":"","format":"standard","meta":{"_jetpack_newsletter_access":""},"categories":[18,31],"tags":[],"jetpack_featured_media_url":"http:\/\/dsrmedios.com.ar\/diario\/wp-content\/uploads\/2023\/03\/finde-largo.jpeg","jetpack_sharing_enabled":true,"jetpack_shortlink":"https:\/\/wp.me\/p9fihK-7SO","_links":{"self":[{"href":"http:\/\/dsrmedios.com.ar\/diario\/wp-json\/wp\/v2\/posts\/30306"}],"collection":[{"href":"http:\/\/dsrmedios.com.ar\/diario\/wp-json\/wp\/v2\/posts"}],"about":[{"href":"http:\/\/dsrmedios.com.ar\/diario\/wp-json\/wp\/v2\/types\/post"}],"author":[{"embeddable":true,"href":"http:\/\/dsrmedios.com.ar\/diario\/wp-json\/wp\/v2\/users\/5"}],"replies":[{"embeddable":true,"href":"http:\/\/dsrmedios.com.ar\/diario\/wp-json\/wp\/v2\/comments?post=30306"}],"version-history":[{"count":1,"href":"http:\/\/dsrmedios.com.ar\/diario\/wp-json\/wp\/v2\/posts\/30306\/revisions"}],"predecessor-version":[{"id":30308,"href":"http:\/\/dsrmedios.com.ar\/diario\/wp-json\/wp\/v2\/posts\/30306\/revisions\/30308"}],"wp:featuredmedia":[{"embeddable":true,"href":"http:\/\/dsrmedios.com.ar\/diario\/wp-json\/wp\/v2\/media\/30307"}],"wp:attachment":[{"href":"http:\/\/dsrmedios.com.ar\/diario\/wp-json\/wp\/v2\/media?parent=30306"}],"wp:term":[{"taxonomy":"category","embeddable":true,"href":"http:\/\/dsrmedios.com.ar\/diario\/wp-json\/wp\/v2\/categories?post=30306"},{"taxonomy":"post_tag","embeddable":true,"href":"http:\/\/dsrmedios.com.ar\/diario\/wp-json\/wp\/v2\/tags?post=30306"}],"curies":[{"name":"wp","href":"https:\/\/api.w.org\/{rel}","templated":true}]}}