{"id":30295,"date":"2023-03-22T08:04:53","date_gmt":"2023-03-22T11:04:53","guid":{"rendered":"http:\/\/dsrmedios.com.ar\/diario\/?p=30295"},"modified":"2023-03-22T08:04:56","modified_gmt":"2023-03-22T11:04:56","slug":"rivera-cumple-118-anos-y-los-celebra-el-5-y-8-de-abril","status":"publish","type":"post","link":"http:\/\/dsrmedios.com.ar\/diario\/archivos\/30295","title":{"rendered":"Rivera cumple 118 a\u00f1os y los celebra el 5 y 8 de abril"},"content":{"rendered":"\n<p><\/p>\n\n\n\n<p>El s\u00e1bado 8 de abril, para festejar los 118 a\u00f1os de la localidad de Rivera se presentar\u00e1n, en Club Independiente desde las 19:30hs, Los Chaza y Sobra Milonga y habr\u00e1 Baile con Grupo Coraje.<\/p>\n\n\n\n<p>En tanto que, el 5 de abril se realizar\u00e1 el acto protocolar y m\u00e1s tarde \u201cRivera Festeja\u201d, organizado por la Secretar\u00eda de Cultura y Educaci\u00f3n de Adolfo Alsina y la Delegaci\u00f3n Municipal con el apoyo del Instituto Cultural de la provincia de Buenos Aires.<\/p>\n","protected":false},"excerpt":{"rendered":"<div class=\"mh-excerpt\"><p>El s\u00e1bado 8 de abril, para festejar los 118 a\u00f1os de la localidad de Rivera se presentar\u00e1n, en Club Independiente desde las 19:30hs, Los Chaza y Sobra Milonga y habr\u00e1 Baile con Grupo Coraje. En tanto que, el 5 de abril se realizar\u00e1 el acto protocolar y m\u00e1s tarde \u201cRivera Festeja\u201d, organizado por la Secretar\u00eda de Cultura y Educaci\u00f3n de Adolfo Alsina y la Delegaci\u00f3n Municipal con el apoyo del Instituto Cultural de la provincia de Buenos Aires.<\/p>\n<\/div>","protected":false},"author":5,"featured_media":22196,"comment_status":"open","ping_status":"closed","sticky":false,"template":"","format":"standard","meta":{"_jetpack_newsletter_access":""},"categories":[8],"tags":[],"jetpack_featured_media_url":"http:\/\/dsrmedios.com.ar\/diario\/wp-content\/uploads\/2021\/01\/rivera-terreno-858x675.png","jetpack_sharing_enabled":true,"jetpack_shortlink":"https:\/\/wp.me\/p9fihK-7SD","_links":{"self":[{"href":"http:\/\/dsrmedios.com.ar\/diario\/wp-json\/wp\/v2\/posts\/30295"}],"collection":[{"href":"http:\/\/dsrmedios.com.ar\/diario\/wp-json\/wp\/v2\/posts"}],"about":[{"href":"http:\/\/dsrmedios.com.ar\/diario\/wp-json\/wp\/v2\/types\/post"}],"author":[{"embeddable":true,"href":"http:\/\/dsrmedios.com.ar\/diario\/wp-json\/wp\/v2\/users\/5"}],"replies":[{"embeddable":true,"href":"http:\/\/dsrmedios.com.ar\/diario\/wp-json\/wp\/v2\/comments?post=30295"}],"version-history":[{"count":1,"href":"http:\/\/dsrmedios.com.ar\/diario\/wp-json\/wp\/v2\/posts\/30295\/revisions"}],"predecessor-version":[{"id":30296,"href":"http:\/\/dsrmedios.com.ar\/diario\/wp-json\/wp\/v2\/posts\/30295\/revisions\/30296"}],"wp:featuredmedia":[{"embeddable":true,"href":"http:\/\/dsrmedios.com.ar\/diario\/wp-json\/wp\/v2\/media\/22196"}],"wp:attachment":[{"href":"http:\/\/dsrmedios.com.ar\/diario\/wp-json\/wp\/v2\/media?parent=30295"}],"wp:term":[{"taxonomy":"category","embeddable":true,"href":"http:\/\/dsrmedios.com.ar\/diario\/wp-json\/wp\/v2\/categories?post=30295"},{"taxonomy":"post_tag","embeddable":true,"href":"http:\/\/dsrmedios.com.ar\/diario\/wp-json\/wp\/v2\/tags?post=30295"}],"curies":[{"name":"wp","href":"https:\/\/api.w.org\/{rel}","templated":true}]}}