{"id":30281,"date":"2023-03-22T07:55:39","date_gmt":"2023-03-22T10:55:39","guid":{"rendered":"http:\/\/dsrmedios.com.ar\/diario\/?p=30281"},"modified":"2023-03-22T07:55:42","modified_gmt":"2023-03-22T10:55:42","slug":"el-diputado-balbin-propuso-suspender-la-vtv-por-un-ano","status":"publish","type":"post","link":"http:\/\/dsrmedios.com.ar\/diario\/archivos\/30281","title":{"rendered":"El Diputado Balb\u00edn propuso suspender la VTV por un a\u00f1o"},"content":{"rendered":"\n<p><\/p>\n\n\n\n<p>Mediante un&nbsp; proyecto de Ley, el diputado provincial Emiliano Balb\u00edn, del bloque Juntos, propuso suspender por trescientos sesenta y cinco (365) d\u00edas la aplicaci\u00f3n de la Verificaci\u00f3n T\u00e9cnica Vehicular (VTV) en la Provincia, para veh\u00edculos de uso particular, \u201cmientras se sancione una nueva normativa que priorice la seguridad vial por sobre los fines recaudatorios\u201d, se\u00f1al\u00f3 el legislador.<\/p>\n","protected":false},"excerpt":{"rendered":"<div class=\"mh-excerpt\"><p>Mediante un&nbsp; proyecto de Ley, el diputado provincial Emiliano Balb\u00edn, del bloque Juntos, propuso suspender por trescientos sesenta y cinco (365) d\u00edas la aplicaci\u00f3n de la Verificaci\u00f3n T\u00e9cnica Vehicular (VTV) en la Provincia, para veh\u00edculos de uso particular, \u201cmientras se sancione una nueva normativa que priorice la seguridad vial por sobre los fines recaudatorios\u201d, se\u00f1al\u00f3 el legislador.<\/p>\n<\/div>","protected":false},"author":5,"featured_media":17201,"comment_status":"open","ping_status":"closed","sticky":false,"template":"","format":"standard","meta":{"_jetpack_newsletter_access":""},"categories":[7],"tags":[],"jetpack_featured_media_url":"http:\/\/dsrmedios.com.ar\/diario\/wp-content\/uploads\/2020\/02\/balbin23.jpeg","jetpack_sharing_enabled":true,"jetpack_shortlink":"https:\/\/wp.me\/p9fihK-7Sp","_links":{"self":[{"href":"http:\/\/dsrmedios.com.ar\/diario\/wp-json\/wp\/v2\/posts\/30281"}],"collection":[{"href":"http:\/\/dsrmedios.com.ar\/diario\/wp-json\/wp\/v2\/posts"}],"about":[{"href":"http:\/\/dsrmedios.com.ar\/diario\/wp-json\/wp\/v2\/types\/post"}],"author":[{"embeddable":true,"href":"http:\/\/dsrmedios.com.ar\/diario\/wp-json\/wp\/v2\/users\/5"}],"replies":[{"embeddable":true,"href":"http:\/\/dsrmedios.com.ar\/diario\/wp-json\/wp\/v2\/comments?post=30281"}],"version-history":[{"count":1,"href":"http:\/\/dsrmedios.com.ar\/diario\/wp-json\/wp\/v2\/posts\/30281\/revisions"}],"predecessor-version":[{"id":30282,"href":"http:\/\/dsrmedios.com.ar\/diario\/wp-json\/wp\/v2\/posts\/30281\/revisions\/30282"}],"wp:featuredmedia":[{"embeddable":true,"href":"http:\/\/dsrmedios.com.ar\/diario\/wp-json\/wp\/v2\/media\/17201"}],"wp:attachment":[{"href":"http:\/\/dsrmedios.com.ar\/diario\/wp-json\/wp\/v2\/media?parent=30281"}],"wp:term":[{"taxonomy":"category","embeddable":true,"href":"http:\/\/dsrmedios.com.ar\/diario\/wp-json\/wp\/v2\/categories?post=30281"},{"taxonomy":"post_tag","embeddable":true,"href":"http:\/\/dsrmedios.com.ar\/diario\/wp-json\/wp\/v2\/tags?post=30281"}],"curies":[{"name":"wp","href":"https:\/\/api.w.org\/{rel}","templated":true}]}}