{"id":30250,"date":"2023-03-20T09:42:02","date_gmt":"2023-03-20T12:42:02","guid":{"rendered":"http:\/\/dsrmedios.com.ar\/diario\/?p=30250"},"modified":"2023-03-20T09:42:05","modified_gmt":"2023-03-20T12:42:05","slug":"entrevista-al-intendente-javier-andres-4","status":"publish","type":"post","link":"http:\/\/dsrmedios.com.ar\/diario\/archivos\/30250","title":{"rendered":"Entrevista al Intendente Javier Andres"},"content":{"rendered":"\n<p>El Jefe comunal Licencidado Javier Andres convers\u00f3 con nuestro medio sobre la situaci\u00f3n econ\u00f3mica y el futuro de las distintas obras en marcha en todo el distrito. Andres explic\u00f3 que el estado de las cuentas municipales se comenzar\u00e1 a normalizar a partir de abril y trabajan en conjunto con autoridades provinciales para normalizar lo m\u00e1s rapidamente este momento de cr\u00edsis. (Escuchar la nota completa)<\/p>\n\n\n\n<figure class=\"wp-block-audio\"><audio controls src=\"http:\/\/dsrmedios.com.ar\/diario\/wp-content\/uploads\/2023\/03\/Javier-Andres-20-marzo-2023.mp3\"><\/audio><\/figure>\n","protected":false},"excerpt":{"rendered":"<div class=\"mh-excerpt\"><p>El Jefe comunal Licencidado Javier Andres convers\u00f3 con nuestro medio sobre la situaci\u00f3n econ\u00f3mica y el futuro de las distintas obras en marcha en todo el distrito. Andres explic\u00f3 que el estado de las cuentas municipales se comenzar\u00e1 a normalizar a partir de abril y trabajan en conjunto con autoridades provinciales para normalizar lo m\u00e1s rapidamente este momento de cr\u00edsis. (Escuchar la nota completa)<\/p>\n<\/div>","protected":false},"author":5,"featured_media":22937,"comment_status":"open","ping_status":"closed","sticky":false,"template":"","format":"standard","meta":{"_jetpack_newsletter_access":""},"categories":[18,32],"tags":[],"jetpack_featured_media_url":"http:\/\/dsrmedios.com.ar\/diario\/wp-content\/uploads\/2021\/03\/andresjavier.jpg","jetpack_sharing_enabled":true,"jetpack_shortlink":"https:\/\/wp.me\/p9fihK-7RU","_links":{"self":[{"href":"http:\/\/dsrmedios.com.ar\/diario\/wp-json\/wp\/v2\/posts\/30250"}],"collection":[{"href":"http:\/\/dsrmedios.com.ar\/diario\/wp-json\/wp\/v2\/posts"}],"about":[{"href":"http:\/\/dsrmedios.com.ar\/diario\/wp-json\/wp\/v2\/types\/post"}],"author":[{"embeddable":true,"href":"http:\/\/dsrmedios.com.ar\/diario\/wp-json\/wp\/v2\/users\/5"}],"replies":[{"embeddable":true,"href":"http:\/\/dsrmedios.com.ar\/diario\/wp-json\/wp\/v2\/comments?post=30250"}],"version-history":[{"count":1,"href":"http:\/\/dsrmedios.com.ar\/diario\/wp-json\/wp\/v2\/posts\/30250\/revisions"}],"predecessor-version":[{"id":30251,"href":"http:\/\/dsrmedios.com.ar\/diario\/wp-json\/wp\/v2\/posts\/30250\/revisions\/30251"}],"wp:featuredmedia":[{"embeddable":true,"href":"http:\/\/dsrmedios.com.ar\/diario\/wp-json\/wp\/v2\/media\/22937"}],"wp:attachment":[{"href":"http:\/\/dsrmedios.com.ar\/diario\/wp-json\/wp\/v2\/media?parent=30250"}],"wp:term":[{"taxonomy":"category","embeddable":true,"href":"http:\/\/dsrmedios.com.ar\/diario\/wp-json\/wp\/v2\/categories?post=30250"},{"taxonomy":"post_tag","embeddable":true,"href":"http:\/\/dsrmedios.com.ar\/diario\/wp-json\/wp\/v2\/tags?post=30250"}],"curies":[{"name":"wp","href":"https:\/\/api.w.org\/{rel}","templated":true}]}}