{"id":30211,"date":"2023-03-16T09:17:42","date_gmt":"2023-03-16T12:17:42","guid":{"rendered":"http:\/\/dsrmedios.com.ar\/diario\/?p=30211"},"modified":"2023-03-20T08:52:53","modified_gmt":"2023-03-20T11:52:53","slug":"presento-iniciativas-parlamentarias-el-senador-hirtz","status":"publish","type":"post","link":"http:\/\/dsrmedios.com.ar\/diario\/archivos\/30211","title":{"rendered":"Present\u00f3 iniciativas parlamentarias el Senador Hirtz"},"content":{"rendered":"\n<p>SIN TARIFAS ESPECIALES PARA JUBILADOS Y FALTA DE ACCESIBILIDAD A LAS PLANTAS VERIFICADORAS EN EL INTERIOR BONAERENSE, AUMENT\u00d3 LA VTV<\/p>\n\n\n\n<p>El Senador David Hirtz present\u00f3 en la C\u00e1mara Alta Bonaerense dos iniciativas parlamentarias, relacionadas al servicio de verificaci\u00f3n t\u00e9cnica vehicular (V.T.V), manifestando, su preocupaci\u00f3n por el aumento en la tarifa b\u00e1sica del servicio, especialmente en relaci\u00f3n al impacto econ\u00f3mico que este incremento ocasiona en personas jubiladas dentro del territorio bonaerense.<\/p>\n\n\n\n<p>Por este motivo le solicit\u00f3 al Poder Ejecutivo de la Provincia que implemente pol\u00edticas que tengan en cuenta la especial vulnerabilidad del sector a la hora de hacerse cargo de dicha obligaci\u00f3n.<\/p>\n\n\n\n<p>Cabe recordar que el ministro de Transporte de la Provincia Jorge D\u00b4Onofrio aprob\u00f3 el aumento del valor m\u00e1ximo de la tarifa b\u00e1sica del Servicio de verificaci\u00f3n t\u00e9cnica vehicular provincial, proponiendo dos etapas, la primera de ellas rige desde el 3 de marzo por un monto de $5040, ascendiendo en el mes de mayo a $6400.<\/p>\n\n\n\n<p>Por su parte el senador David Hirtz consider\u00f3, \u201cEsta noticia golpea nuevamente los bolsillos de todos los bonaerenses, pero espec\u00edficamente de un grupo vulnerable como son aquellos jubilados que poseen el haber m\u00ednimo, que en el mes de marzo ascender\u00e1 a $58.665 m\u00e1s un bono de $15.000 que durar\u00e1 hasta el mes de mayo. Estas personas, ven implicadas sumas de dif\u00edcil cumplimiento para poder hacer frente a una obligaci\u00f3n b\u00e1sica como es la verificaci\u00f3n t\u00e9cnica vehicular\u201d.<\/p>\n\n\n\n<p>Por otra parte, el dif\u00edcil acceso a las plantas de verificaci\u00f3n y la escasez de turnos, dificulta a\u00fan m\u00e1s lograr tener el veh\u00edculo en regla. En muchos distritos la VTV posee puntos m\u00f3viles alejados entre s\u00ed, que van modificando su sede con rapidez.<\/p>\n\n\n\n<p>\u201cLas personas del interior deben trasladarse a la ciudad cabecera a realizar la inspecci\u00f3n, o incluso a otro distrito si su vencimiento es cercano y la VTV no visita en esos meses su lugar de origen. Esto naturalmente implica dinero para trasladarse, dinero para realizar la verificaci\u00f3n, sumado a la p\u00e9rdida de tiempo de ir desde un punto a otro m\u00e1s lejano en la provincia\u201d, asegur\u00f3 Hirtz.<\/p>\n\n\n\n<p>\u201cEn relaci\u00f3n a las problem\u00e1ticas planteadas y las dudas sobre los avances en este sentido que el Poder Ejecutivo provincial puede efectuar, es que he presentado los proyectos, para determinar si efectivamente existen o habr\u00e1n consideraciones en cuanto a los grupos vulnerables y las nuevas tarifas, como as\u00ed tambi\u00e9n a la proximidad de las plantas verificadoras, o nos encontraremos con la ausencia del Estado y la correlativa inequidad que esto conlleva\u201d manifest\u00f3 el legislador por la sexta secci\u00f3n electoral.- <\/p>\n","protected":false},"excerpt":{"rendered":"<div class=\"mh-excerpt\"><p>SIN TARIFAS ESPECIALES PARA JUBILADOS Y FALTA DE ACCESIBILIDAD A LAS PLANTAS VERIFICADORAS EN EL INTERIOR BONAERENSE, AUMENT\u00d3 LA VTV El Senador David Hirtz present\u00f3 en la C\u00e1mara Alta Bonaerense dos iniciativas parlamentarias, relacionadas al servicio de verificaci\u00f3n t\u00e9cnica vehicular (V.T.V), manifestando, su preocupaci\u00f3n por el aumento en la tarifa b\u00e1sica del servicio, especialmente en relaci\u00f3n al impacto econ\u00f3mico que este incremento ocasiona en personas jubiladas dentro del territorio bonaerense. Por este motivo le solicit\u00f3 al Poder Ejecutivo de la Provincia que implemente pol\u00edticas que tengan en cuenta la especial vulnerabilidad del sector a la hora de hacerse cargo de <a class=\"mh-excerpt-more\" href=\"http:\/\/dsrmedios.com.ar\/diario\/archivos\/30211\" title=\"Present\u00f3 iniciativas parlamentarias el Senador Hirtz\">[Leer m\u00e1s]<\/a><\/p>\n<\/div>","protected":false},"author":5,"featured_media":19311,"comment_status":"open","ping_status":"closed","sticky":false,"template":"","format":"standard","meta":{"_jetpack_newsletter_access":""},"categories":[7,45],"tags":[],"jetpack_featured_media_url":"http:\/\/dsrmedios.com.ar\/diario\/wp-content\/uploads\/2020\/06\/david-hirtz-senador1.png","jetpack_sharing_enabled":true,"jetpack_shortlink":"https:\/\/wp.me\/p9fihK-7Rh","_links":{"self":[{"href":"http:\/\/dsrmedios.com.ar\/diario\/wp-json\/wp\/v2\/posts\/30211"}],"collection":[{"href":"http:\/\/dsrmedios.com.ar\/diario\/wp-json\/wp\/v2\/posts"}],"about":[{"href":"http:\/\/dsrmedios.com.ar\/diario\/wp-json\/wp\/v2\/types\/post"}],"author":[{"embeddable":true,"href":"http:\/\/dsrmedios.com.ar\/diario\/wp-json\/wp\/v2\/users\/5"}],"replies":[{"embeddable":true,"href":"http:\/\/dsrmedios.com.ar\/diario\/wp-json\/wp\/v2\/comments?post=30211"}],"version-history":[{"count":1,"href":"http:\/\/dsrmedios.com.ar\/diario\/wp-json\/wp\/v2\/posts\/30211\/revisions"}],"predecessor-version":[{"id":30212,"href":"http:\/\/dsrmedios.com.ar\/diario\/wp-json\/wp\/v2\/posts\/30211\/revisions\/30212"}],"wp:featuredmedia":[{"embeddable":true,"href":"http:\/\/dsrmedios.com.ar\/diario\/wp-json\/wp\/v2\/media\/19311"}],"wp:attachment":[{"href":"http:\/\/dsrmedios.com.ar\/diario\/wp-json\/wp\/v2\/media?parent=30211"}],"wp:term":[{"taxonomy":"category","embeddable":true,"href":"http:\/\/dsrmedios.com.ar\/diario\/wp-json\/wp\/v2\/categories?post=30211"},{"taxonomy":"post_tag","embeddable":true,"href":"http:\/\/dsrmedios.com.ar\/diario\/wp-json\/wp\/v2\/tags?post=30211"}],"curies":[{"name":"wp","href":"https:\/\/api.w.org\/{rel}","templated":true}]}}