{"id":30209,"date":"2023-03-16T09:15:46","date_gmt":"2023-03-16T12:15:46","guid":{"rendered":"http:\/\/dsrmedios.com.ar\/diario\/?p=30209"},"modified":"2023-03-17T22:01:05","modified_gmt":"2023-03-18T01:01:05","slug":"provincia-licito-la-obra-de-energia-electrica-para-nuestra-region","status":"publish","type":"post","link":"http:\/\/dsrmedios.com.ar\/diario\/archivos\/30209","title":{"rendered":"Provincia licit\u00f3 la obra de Energ\u00eda El\u00e9ctrica para nuestra regi\u00f3n"},"content":{"rendered":"\n<p>Luego de las gestiones del Comit\u00e9 de Crisis energ\u00e9tica de la Regi\u00f3n del Sudoeste Bonaerense, de las que ha participado activamente el Intendente de Adolfo Alsina, Javier Andres, la Subsecretar\u00eda de Energ\u00eda, dependiente del Ministerio de Infraestructura y Servicios P\u00fablicos de la Provincia de Buenos Aires, realiz\u00f3 la apertura de sobres de la licitaci\u00f3n para la ejecuci\u00f3n del tendido de l\u00ednea de alta tensi\u00f3n (AT) de 132 Kv que se llevar\u00e1 a cabo mediante una inversi\u00f3n de m\u00e1s de 4.200 millones de pesos.<\/p>\n\n\n\n<p>El Comit\u00e9 de Crisis energ\u00e9tica de la Regi\u00f3n del Sudoeste Bonaerense est\u00e1 integrado por el Municipio de Adolfo Alsina, Guamin\u00ed, Saavedra, la Cooperativa El\u00e9ctrica de Carhu\u00e9 y la Cooperativa El\u00e9ctrica de Espartillar.<\/p>\n\n\n\n<p>Para realizar esta obra que vincula la nueva Estaci\u00f3n Transformadora Guamin\u00ed al sistema de la Estaci\u00f3n Transformadora Coronel Suarez, se deber\u00e1 construir una l\u00ednea a\u00e9rea tendida sobre estructuras de hormig\u00f3n de 63 km de longitud.<\/p>\n","protected":false},"excerpt":{"rendered":"<div class=\"mh-excerpt\"><p>Luego de las gestiones del Comit\u00e9 de Crisis energ\u00e9tica de la Regi\u00f3n del Sudoeste Bonaerense, de las que ha participado activamente el Intendente de Adolfo Alsina, Javier Andres, la Subsecretar\u00eda de Energ\u00eda, dependiente del Ministerio de Infraestructura y Servicios P\u00fablicos de la Provincia de Buenos Aires, realiz\u00f3 la apertura de sobres de la licitaci\u00f3n para la ejecuci\u00f3n del tendido de l\u00ednea de alta tensi\u00f3n (AT) de 132 Kv que se llevar\u00e1 a cabo mediante una inversi\u00f3n de m\u00e1s de 4.200 millones de pesos. El Comit\u00e9 de Crisis energ\u00e9tica de la Regi\u00f3n del Sudoeste Bonaerense est\u00e1 integrado por el Municipio de <a class=\"mh-excerpt-more\" href=\"http:\/\/dsrmedios.com.ar\/diario\/archivos\/30209\" title=\"Provincia licit\u00f3 la obra de Energ\u00eda El\u00e9ctrica para nuestra regi\u00f3n\">[Leer m\u00e1s]<\/a><\/p>\n<\/div>","protected":false},"author":5,"featured_media":3031,"comment_status":"open","ping_status":"closed","sticky":false,"template":"","format":"standard","meta":{"_jetpack_newsletter_access":""},"categories":[7],"tags":[],"jetpack_featured_media_url":"http:\/\/dsrmedios.com.ar\/diario\/wp-content\/uploads\/2017\/12\/energia.jpg","jetpack_sharing_enabled":true,"jetpack_shortlink":"https:\/\/wp.me\/p9fihK-7Rf","_links":{"self":[{"href":"http:\/\/dsrmedios.com.ar\/diario\/wp-json\/wp\/v2\/posts\/30209"}],"collection":[{"href":"http:\/\/dsrmedios.com.ar\/diario\/wp-json\/wp\/v2\/posts"}],"about":[{"href":"http:\/\/dsrmedios.com.ar\/diario\/wp-json\/wp\/v2\/types\/post"}],"author":[{"embeddable":true,"href":"http:\/\/dsrmedios.com.ar\/diario\/wp-json\/wp\/v2\/users\/5"}],"replies":[{"embeddable":true,"href":"http:\/\/dsrmedios.com.ar\/diario\/wp-json\/wp\/v2\/comments?post=30209"}],"version-history":[{"count":2,"href":"http:\/\/dsrmedios.com.ar\/diario\/wp-json\/wp\/v2\/posts\/30209\/revisions"}],"predecessor-version":[{"id":30224,"href":"http:\/\/dsrmedios.com.ar\/diario\/wp-json\/wp\/v2\/posts\/30209\/revisions\/30224"}],"wp:featuredmedia":[{"embeddable":true,"href":"http:\/\/dsrmedios.com.ar\/diario\/wp-json\/wp\/v2\/media\/3031"}],"wp:attachment":[{"href":"http:\/\/dsrmedios.com.ar\/diario\/wp-json\/wp\/v2\/media?parent=30209"}],"wp:term":[{"taxonomy":"category","embeddable":true,"href":"http:\/\/dsrmedios.com.ar\/diario\/wp-json\/wp\/v2\/categories?post=30209"},{"taxonomy":"post_tag","embeddable":true,"href":"http:\/\/dsrmedios.com.ar\/diario\/wp-json\/wp\/v2\/tags?post=30209"}],"curies":[{"name":"wp","href":"https:\/\/api.w.org\/{rel}","templated":true}]}}