{"id":30206,"date":"2023-03-16T09:14:28","date_gmt":"2023-03-16T12:14:28","guid":{"rendered":"http:\/\/dsrmedios.com.ar\/diario\/?p=30206"},"modified":"2023-03-16T09:14:31","modified_gmt":"2023-03-16T12:14:31","slug":"tamara-guereno-participo-del-lanzamiento-del-plan-de-pasturas","status":"publish","type":"post","link":"http:\/\/dsrmedios.com.ar\/diario\/archivos\/30206","title":{"rendered":"Tamara Guere\u00f1o particip\u00f3 del lanzamiento del Plan de Pasturas"},"content":{"rendered":"\n<p>La Secretaria de Producci\u00f3n y Desarrollo Local, Tamara Guere\u00f1o, particip\u00f3 del lanzamiento de la segunda edici\u00f3n del Plan de Pasturas para el sudoeste bonaerense, encabezado por el Ministro Javier Rodr\u00edguez. El evento se realiz\u00f3 en el marco del Concejo Regional del Plan de Desarrollo del Sudoeste Bonaerense, llevado a cabo en la ciudad de Bah\u00eda Blanca.<\/p>\n\n\n\n<p>Tras la primera etapa exitosa de la L\u00ednea de Financiamiento para la implantaci\u00f3n de Pasturas en el sudoeste bonaerense, esta segunda fase cuenta con montos actualizados, y est\u00e1 destinada a quienes busquen aumentar el recurso forrajero.<\/p>\n\n\n\n<p>La iniciativa comprende cuatro subl\u00edneas diferenciadas por zona, adaptadas a las diferentes caracter\u00edsticas clim\u00e1ticas, de suelo y necesidades productivas. La subl\u00ednea Ventania (Guamin\u00ed, Coronel Pringles, Coronel Su\u00e1rez, Coronel Dorrego, Adolfo Alsina y Saavedra); la subl\u00ednea Semi\u00e1rida (Puan, Tornquist, Bah\u00eda Blanca y Coronel Rosales); la subl\u00ednea CORFO, para la zona bajo riego del sur bonaerense; y la subl\u00ednea patag\u00f3nica (Villarino y Carmen de Patagones). En todos los casos, la l\u00ednea es a tasa cero en valor producto, con seis meses de gracia y cuotas semestrales.<\/p>\n\n\n\n<p>La inscripci\u00f3n ser\u00e1 a partir del 17 de abril y hasta el 16 de junio, en el sitio web de Ministerio Desarrollo Agrario.<\/p>\n","protected":false},"excerpt":{"rendered":"<div class=\"mh-excerpt\"><p>La Secretaria de Producci\u00f3n y Desarrollo Local, Tamara Guere\u00f1o, particip\u00f3 del lanzamiento de la segunda edici\u00f3n del Plan de Pasturas para el sudoeste bonaerense, encabezado por el Ministro Javier Rodr\u00edguez. El evento se realiz\u00f3 en el marco del Concejo Regional del Plan de Desarrollo del Sudoeste Bonaerense, llevado a cabo en la ciudad de Bah\u00eda Blanca. Tras la primera etapa exitosa de la L\u00ednea de Financiamiento para la implantaci\u00f3n de Pasturas en el sudoeste bonaerense, esta segunda fase cuenta con montos actualizados, y est\u00e1 destinada a quienes busquen aumentar el recurso forrajero. La iniciativa comprende cuatro subl\u00edneas diferenciadas por zona, <a class=\"mh-excerpt-more\" href=\"http:\/\/dsrmedios.com.ar\/diario\/archivos\/30206\" title=\"Tamara Guere\u00f1o particip\u00f3 del lanzamiento del Plan de Pasturas\">[Leer m\u00e1s]<\/a><\/p>\n<\/div>","protected":false},"author":5,"featured_media":30207,"comment_status":"open","ping_status":"closed","sticky":false,"template":"","format":"standard","meta":{"_jetpack_newsletter_access":""},"categories":[18,31],"tags":[],"jetpack_featured_media_url":"http:\/\/dsrmedios.com.ar\/diario\/wp-content\/uploads\/2023\/03\/guere\u00f1o.jpg","jetpack_sharing_enabled":true,"jetpack_shortlink":"https:\/\/wp.me\/p9fihK-7Rc","_links":{"self":[{"href":"http:\/\/dsrmedios.com.ar\/diario\/wp-json\/wp\/v2\/posts\/30206"}],"collection":[{"href":"http:\/\/dsrmedios.com.ar\/diario\/wp-json\/wp\/v2\/posts"}],"about":[{"href":"http:\/\/dsrmedios.com.ar\/diario\/wp-json\/wp\/v2\/types\/post"}],"author":[{"embeddable":true,"href":"http:\/\/dsrmedios.com.ar\/diario\/wp-json\/wp\/v2\/users\/5"}],"replies":[{"embeddable":true,"href":"http:\/\/dsrmedios.com.ar\/diario\/wp-json\/wp\/v2\/comments?post=30206"}],"version-history":[{"count":1,"href":"http:\/\/dsrmedios.com.ar\/diario\/wp-json\/wp\/v2\/posts\/30206\/revisions"}],"predecessor-version":[{"id":30208,"href":"http:\/\/dsrmedios.com.ar\/diario\/wp-json\/wp\/v2\/posts\/30206\/revisions\/30208"}],"wp:featuredmedia":[{"embeddable":true,"href":"http:\/\/dsrmedios.com.ar\/diario\/wp-json\/wp\/v2\/media\/30207"}],"wp:attachment":[{"href":"http:\/\/dsrmedios.com.ar\/diario\/wp-json\/wp\/v2\/media?parent=30206"}],"wp:term":[{"taxonomy":"category","embeddable":true,"href":"http:\/\/dsrmedios.com.ar\/diario\/wp-json\/wp\/v2\/categories?post=30206"},{"taxonomy":"post_tag","embeddable":true,"href":"http:\/\/dsrmedios.com.ar\/diario\/wp-json\/wp\/v2\/tags?post=30206"}],"curies":[{"name":"wp","href":"https:\/\/api.w.org\/{rel}","templated":true}]}}