{"id":30203,"date":"2023-03-16T08:58:32","date_gmt":"2023-03-16T11:58:32","guid":{"rendered":"http:\/\/dsrmedios.com.ar\/diario\/?p=30203"},"modified":"2023-03-16T08:58:35","modified_gmt":"2023-03-16T11:58:35","slug":"recta-final-para-la-obra-de-la-escuela-tecnica-de-carhue","status":"publish","type":"post","link":"http:\/\/dsrmedios.com.ar\/diario\/archivos\/30203","title":{"rendered":"Recta final para la Obra de la Escuela T\u00e9cnica de Carhu\u00e9"},"content":{"rendered":"\n<p>La obra de la Escuela T\u00e9cnica N\u00b01 de Carhu\u00e9 se encuentra en su recta final con un 75% de avance.<\/p>\n\n\n\n<p>La construcci\u00f3n de los talleres orientados a especialidades de electr\u00f3nica, tres aulas te\u00f3ricas, taller de inform\u00e1tica, laboratorio de proyectos y dise\u00f1o, laboratorio de ediciones el\u00e9ctricas, jefatura de talleres, sala de profesores, preceptor\u00eda, cocina, buffet, n\u00facleos sanitarios y sala de m\u00e1quinas se acerca a su fin. En esta \u00faltima etapa se trabaja en los pisos, los revestimientos y los cielorrasos.<\/p>\n\n\n\n<p>Recordamos que a fines de febrero, el Intendente Javier Andres recorri\u00f3 la obra junto al Director Provincial de Infraestructura Escolar, Juan Mart\u00edn Zavaleta; el Asesor de la Subsecretar\u00eda de Infraestructura Escolar, Gabriel Adler; la Inspectora Distrital de Inspecci\u00f3n Regional de Infraestructura Escolar, Marcela Litter; Presidenta del Consejo Escolar de Adolfo Alsina, Carmen Bonifacio, y la Secretario de Cultura y Educaci\u00f3n local, Gisele Caussanel.<\/p>\n","protected":false},"excerpt":{"rendered":"<div class=\"mh-excerpt\"><p>La obra de la Escuela T\u00e9cnica N\u00b01 de Carhu\u00e9 se encuentra en su recta final con un 75% de avance. La construcci\u00f3n de los talleres orientados a especialidades de electr\u00f3nica, tres aulas te\u00f3ricas, taller de inform\u00e1tica, laboratorio de proyectos y dise\u00f1o, laboratorio de ediciones el\u00e9ctricas, jefatura de talleres, sala de profesores, preceptor\u00eda, cocina, buffet, n\u00facleos sanitarios y sala de m\u00e1quinas se acerca a su fin. En esta \u00faltima etapa se trabaja en los pisos, los revestimientos y los cielorrasos. Recordamos que a fines de febrero, el Intendente Javier Andres recorri\u00f3 la obra junto al Director Provincial de Infraestructura Escolar, Juan <a class=\"mh-excerpt-more\" href=\"http:\/\/dsrmedios.com.ar\/diario\/archivos\/30203\" title=\"Recta final para la Obra de la Escuela T\u00e9cnica de Carhu\u00e9\">[Leer m\u00e1s]<\/a><\/p>\n<\/div>","protected":false},"author":5,"featured_media":30204,"comment_status":"open","ping_status":"closed","sticky":false,"template":"","format":"standard","meta":{"_jetpack_newsletter_access":""},"categories":[18,31],"tags":[],"jetpack_featured_media_url":"http:\/\/dsrmedios.com.ar\/diario\/wp-content\/uploads\/2023\/03\/esctec.jpeg","jetpack_sharing_enabled":true,"jetpack_shortlink":"https:\/\/wp.me\/p9fihK-7R9","_links":{"self":[{"href":"http:\/\/dsrmedios.com.ar\/diario\/wp-json\/wp\/v2\/posts\/30203"}],"collection":[{"href":"http:\/\/dsrmedios.com.ar\/diario\/wp-json\/wp\/v2\/posts"}],"about":[{"href":"http:\/\/dsrmedios.com.ar\/diario\/wp-json\/wp\/v2\/types\/post"}],"author":[{"embeddable":true,"href":"http:\/\/dsrmedios.com.ar\/diario\/wp-json\/wp\/v2\/users\/5"}],"replies":[{"embeddable":true,"href":"http:\/\/dsrmedios.com.ar\/diario\/wp-json\/wp\/v2\/comments?post=30203"}],"version-history":[{"count":1,"href":"http:\/\/dsrmedios.com.ar\/diario\/wp-json\/wp\/v2\/posts\/30203\/revisions"}],"predecessor-version":[{"id":30205,"href":"http:\/\/dsrmedios.com.ar\/diario\/wp-json\/wp\/v2\/posts\/30203\/revisions\/30205"}],"wp:featuredmedia":[{"embeddable":true,"href":"http:\/\/dsrmedios.com.ar\/diario\/wp-json\/wp\/v2\/media\/30204"}],"wp:attachment":[{"href":"http:\/\/dsrmedios.com.ar\/diario\/wp-json\/wp\/v2\/media?parent=30203"}],"wp:term":[{"taxonomy":"category","embeddable":true,"href":"http:\/\/dsrmedios.com.ar\/diario\/wp-json\/wp\/v2\/categories?post=30203"},{"taxonomy":"post_tag","embeddable":true,"href":"http:\/\/dsrmedios.com.ar\/diario\/wp-json\/wp\/v2\/tags?post=30203"}],"curies":[{"name":"wp","href":"https:\/\/api.w.org\/{rel}","templated":true}]}}