{"id":30197,"date":"2023-03-16T08:55:08","date_gmt":"2023-03-16T11:55:08","guid":{"rendered":"http:\/\/dsrmedios.com.ar\/diario\/?p=30197"},"modified":"2023-03-16T08:55:11","modified_gmt":"2023-03-16T11:55:11","slug":"andres-recibio-el-tomografo-en-el-hospital-de-carhue","status":"publish","type":"post","link":"http:\/\/dsrmedios.com.ar\/diario\/archivos\/30197","title":{"rendered":"Andres recibi\u00f3 el tom\u00f3grafo en el hospital de Carhu\u00e9"},"content":{"rendered":"\n<p>El Intendente Javier Andres recibi\u00f3 el tom\u00f3grafo junto a integrantes de la Cooperadora del Hospital San Mart\u00edn de Carhu\u00e9 y el Director Administrativo, Renzo Redel.<br>\nEl tom\u00f3grafo de 32 cortes, pudo ser adquirido con la donaci\u00f3n de la familia Balb\u00edn, a la empresa Siemmens.<br>\nPara su funcionamiento desde el municipio se trabajar\u00e1 en la adecuaci\u00f3n del espacio f\u00edsico requerido para poder instalarlo cumpliendo los requisitos t\u00e9cnicos, obra que se estima tendr\u00e1 un valor de $ 15 millones.<\/p>\n","protected":false},"excerpt":{"rendered":"<div class=\"mh-excerpt\"><p>El Intendente Javier Andres recibi\u00f3 el tom\u00f3grafo junto a integrantes de la Cooperadora del Hospital San Mart\u00edn de Carhu\u00e9 y el Director Administrativo, Renzo Redel. El tom\u00f3grafo de 32 cortes, pudo ser adquirido con la donaci\u00f3n de la familia Balb\u00edn, a la empresa Siemmens. Para su funcionamiento desde el municipio se trabajar\u00e1 en la adecuaci\u00f3n del espacio f\u00edsico requerido para poder instalarlo cumpliendo los requisitos t\u00e9cnicos, obra que se estima tendr\u00e1 un valor de $ 15 millones.<\/p>\n<\/div>","protected":false},"author":5,"featured_media":30198,"comment_status":"open","ping_status":"closed","sticky":false,"template":"","format":"standard","meta":{"_jetpack_newsletter_access":""},"categories":[18,31],"tags":[],"jetpack_featured_media_url":"http:\/\/dsrmedios.com.ar\/diario\/wp-content\/uploads\/2023\/03\/tomografo.jpg","jetpack_sharing_enabled":true,"jetpack_shortlink":"https:\/\/wp.me\/p9fihK-7R3","_links":{"self":[{"href":"http:\/\/dsrmedios.com.ar\/diario\/wp-json\/wp\/v2\/posts\/30197"}],"collection":[{"href":"http:\/\/dsrmedios.com.ar\/diario\/wp-json\/wp\/v2\/posts"}],"about":[{"href":"http:\/\/dsrmedios.com.ar\/diario\/wp-json\/wp\/v2\/types\/post"}],"author":[{"embeddable":true,"href":"http:\/\/dsrmedios.com.ar\/diario\/wp-json\/wp\/v2\/users\/5"}],"replies":[{"embeddable":true,"href":"http:\/\/dsrmedios.com.ar\/diario\/wp-json\/wp\/v2\/comments?post=30197"}],"version-history":[{"count":1,"href":"http:\/\/dsrmedios.com.ar\/diario\/wp-json\/wp\/v2\/posts\/30197\/revisions"}],"predecessor-version":[{"id":30199,"href":"http:\/\/dsrmedios.com.ar\/diario\/wp-json\/wp\/v2\/posts\/30197\/revisions\/30199"}],"wp:featuredmedia":[{"embeddable":true,"href":"http:\/\/dsrmedios.com.ar\/diario\/wp-json\/wp\/v2\/media\/30198"}],"wp:attachment":[{"href":"http:\/\/dsrmedios.com.ar\/diario\/wp-json\/wp\/v2\/media?parent=30197"}],"wp:term":[{"taxonomy":"category","embeddable":true,"href":"http:\/\/dsrmedios.com.ar\/diario\/wp-json\/wp\/v2\/categories?post=30197"},{"taxonomy":"post_tag","embeddable":true,"href":"http:\/\/dsrmedios.com.ar\/diario\/wp-json\/wp\/v2\/tags?post=30197"}],"curies":[{"name":"wp","href":"https:\/\/api.w.org\/{rel}","templated":true}]}}