{"id":30191,"date":"2023-03-16T08:49:25","date_gmt":"2023-03-16T11:49:25","guid":{"rendered":"http:\/\/dsrmedios.com.ar\/diario\/?p=30191"},"modified":"2023-03-16T08:49:28","modified_gmt":"2023-03-16T11:49:28","slug":"el-municipio-atraviesa-una-compleja-situacion-economica","status":"publish","type":"post","link":"http:\/\/dsrmedios.com.ar\/diario\/archivos\/30191","title":{"rendered":"El Municipio atraviesa una compleja situaci\u00f3n econ\u00f3mica"},"content":{"rendered":"\n<p>Producto de la inflaci\u00f3n de los \u00faltimos a\u00f1os que arroja un incremento acumulado de 365,4% desde Diciembre 2019, y del incremento de los principales insumos que consume la gesti\u00f3n, combustibles y medicamentos especialmente, el Municipio de Adolfo Alsina viene atravesando en los \u00faltimos meses una compleja situaci\u00f3n econ\u00f3mica.<\/p>\n\n\n\n<p>Por ello, el Intendente Javier Andres y el Secretario de Hacienda  Marcos Ebertz, se reunieron con el equipo t\u00e9cnico del Ministerio de Hacienda y Finanzas a cargo del Director Provincial de Coordinaci\u00f3n Municipal y Programas de Desarrollo, Lic. Mariano Chamorro.<\/p>\n\n\n\n<p>El objetivo de la reuni\u00f3n fue describir la situaci\u00f3n, agravada adem\u00e1s por el d\u00e9ficit que se produjo tras la pandemia Covid, y analizar las medidas necesarias para equilibrar las finanzas municipales en los pr\u00f3ximos meses y estabilizar el pago de salarios y proveedores.<\/p>\n\n\n\n<p>Los funcionarios analizaron la composici\u00f3n de gastos e ingresos, y evaluaron los riesgos econ\u00f3micos y financieros que implicar\u00edan las medidas factibles para implementar.<\/p>\n\n\n\n<p>Desde hace d\u00e9cadas la administraci\u00f3n municipal sufre un d\u00e9ficit del 10% de su presupuesto como consecuencia de la complejidad territorial y dispersa del distrito, que tiene 17.666 habitantes distribuidos en 5 delegaciones con 3 hospitales, 4 salas de atenci\u00f3n primaria de la salud, y m\u00e1s de 3.000 kil\u00f3metros de caminos rurales.<\/p>\n\n\n\n<p>En los \u00faltimos 5 a\u00f1os, adem\u00e1s, el aumento de las Tasas Municipales qued\u00f3 relegado respecto del aumento desmedido de la inflaci\u00f3n y en ese mismo lapso, el Municipio incorpor\u00f3 nuevos servicios para la comunidad sin incrementar por ello las Tasas con las que recauda. Estos servicios son: la Terapia Intensiva del Hospital San Mart\u00edn, el Colegio Ni\u00f1o Jes\u00fas de San Miguel Arc\u00e1ngel, la Casa de Abrigo, el Sitio de Transferencia de Residuos, el \u00c1rea de Inclusi\u00f3n G\u00e9nero y Diversidad, el Servicio Local de Promoci\u00f3n y Protecci\u00f3n de los Derechos de ni\u00f1os, ni\u00f1as y adolescentes, la Planta de Reciclado de Residuos de Carhu\u00e9, los Centros de Monitoreo, la Casa de Campo, la Oficina de Empleo, la Oficina Municipal de Informaci\u00f3n al Consumidor, J\u00f3venes en trama, el Punto Digital de Rivera y el Hogar de Abuelos de Villa Maza.<\/p>\n\n\n\n<p>Todos estos nuevos servicios que la comunidad demanda y que se deben solventar con personal y recursos, y la situaci\u00f3n econ\u00f3mica del pa\u00eds que ha provocado el sostenimiento de una pauta salarial por encima de las posibilidades actuales de financiamiento, han provocado la situaci\u00f3n compleja que atraviesa el Municipio, que adem\u00e1s se agrava por una cuesti\u00f3n estacional de disminuci\u00f3n de ingresos v\u00eda coparticipaci\u00f3n.<\/p>\n\n\n\n<p>Javier Andres est\u00e1, adem\u00e1s, en contacto con el Ministro de Hacienda y Finanzas de la Provincia de Buenos Aires, Pablo L\u00f3pez, que ha analizado en detalle la situaci\u00f3n de Adolfo Alsina, y ha puesto a disposici\u00f3n del Intendente las herramientas con que la cartera cuenta para atravesar este momento cr\u00edtico, y el asesoramiento de los equipos de trabajo del Ministerio para equilibrar las cuentas durante el ejercicio 2023.<\/p>\n","protected":false},"excerpt":{"rendered":"<div class=\"mh-excerpt\"><p>Producto de la inflaci\u00f3n de los \u00faltimos a\u00f1os que arroja un incremento acumulado de 365,4% desde Diciembre 2019, y del incremento de los principales insumos que consume la gesti\u00f3n, combustibles y medicamentos especialmente, el Municipio de Adolfo Alsina viene atravesando en los \u00faltimos meses una compleja situaci\u00f3n econ\u00f3mica. Por ello, el Intendente Javier Andres y el Secretario de Hacienda Marcos Ebertz, se reunieron con el equipo t\u00e9cnico del Ministerio de Hacienda y Finanzas a cargo del Director Provincial de Coordinaci\u00f3n Municipal y Programas de Desarrollo, Lic. Mariano Chamorro. El objetivo de la reuni\u00f3n fue describir la situaci\u00f3n, agravada adem\u00e1s por <a class=\"mh-excerpt-more\" href=\"http:\/\/dsrmedios.com.ar\/diario\/archivos\/30191\" title=\"El Municipio atraviesa una compleja situaci\u00f3n econ\u00f3mica\">[Leer m\u00e1s]<\/a><\/p>\n<\/div>","protected":false},"author":5,"featured_media":30192,"comment_status":"open","ping_status":"closed","sticky":false,"template":"","format":"standard","meta":{"_jetpack_newsletter_access":""},"categories":[18,31],"tags":[],"jetpack_featured_media_url":"http:\/\/dsrmedios.com.ar\/diario\/wp-content\/uploads\/2023\/03\/economia.jpeg","jetpack_sharing_enabled":true,"jetpack_shortlink":"https:\/\/wp.me\/p9fihK-7QX","_links":{"self":[{"href":"http:\/\/dsrmedios.com.ar\/diario\/wp-json\/wp\/v2\/posts\/30191"}],"collection":[{"href":"http:\/\/dsrmedios.com.ar\/diario\/wp-json\/wp\/v2\/posts"}],"about":[{"href":"http:\/\/dsrmedios.com.ar\/diario\/wp-json\/wp\/v2\/types\/post"}],"author":[{"embeddable":true,"href":"http:\/\/dsrmedios.com.ar\/diario\/wp-json\/wp\/v2\/users\/5"}],"replies":[{"embeddable":true,"href":"http:\/\/dsrmedios.com.ar\/diario\/wp-json\/wp\/v2\/comments?post=30191"}],"version-history":[{"count":1,"href":"http:\/\/dsrmedios.com.ar\/diario\/wp-json\/wp\/v2\/posts\/30191\/revisions"}],"predecessor-version":[{"id":30193,"href":"http:\/\/dsrmedios.com.ar\/diario\/wp-json\/wp\/v2\/posts\/30191\/revisions\/30193"}],"wp:featuredmedia":[{"embeddable":true,"href":"http:\/\/dsrmedios.com.ar\/diario\/wp-json\/wp\/v2\/media\/30192"}],"wp:attachment":[{"href":"http:\/\/dsrmedios.com.ar\/diario\/wp-json\/wp\/v2\/media?parent=30191"}],"wp:term":[{"taxonomy":"category","embeddable":true,"href":"http:\/\/dsrmedios.com.ar\/diario\/wp-json\/wp\/v2\/categories?post=30191"},{"taxonomy":"post_tag","embeddable":true,"href":"http:\/\/dsrmedios.com.ar\/diario\/wp-json\/wp\/v2\/tags?post=30191"}],"curies":[{"name":"wp","href":"https:\/\/api.w.org\/{rel}","templated":true}]}}