{"id":30088,"date":"2023-02-15T10:17:18","date_gmt":"2023-02-15T13:17:18","guid":{"rendered":"http:\/\/dsrmedios.com.ar\/diario\/?p=30088"},"modified":"2023-02-15T10:17:21","modified_gmt":"2023-02-15T13:17:21","slug":"adolfo-alsina-presente-en-los-203-anos-de-la-provincia-de-buenos-aires","status":"publish","type":"post","link":"http:\/\/dsrmedios.com.ar\/diario\/archivos\/30088","title":{"rendered":"Adolfo Alsina presente en los 203 a\u00f1os de la Provincia de Buenos Aires"},"content":{"rendered":"\n<p>Las Secretar\u00edas de Cultura y Turismo de Adolfo Alsina dijeron presente en el 203\u00b0 aniversario de la provincia de Buenos Aires. El gobernador Axel Kicillof visit\u00f3 el stand de Adolfo Alsina  junto a funcionarios del Instituto Cultural de la provincia de Buenos aires.<\/p>\n\n\n\n<p>Las celebraciones se llevaron a cabo en el Estadio Diego Armando Maradona, de la ciudad de la Plata, donde nuestro distrito particip\u00f3 con un stand en el que se entregaban folletos informativos, bolsitas con muestras de la sal del Lago Epecu\u00e9n, se pod\u00eda recorrer una muestra fotogr\u00e1fica, y recibir asesoramiento sobre las propiedades del lago y de las localidades de Adolfo Alsina como destinos tur\u00edsticos y culturales. Los representantes de Cultura y Turismo brindaron una amplia muestra de actividades caracter\u00edsticas relacionadas a diversas \u00e1reas como la producci\u00f3n, el turismo, las actividades art\u00edsticas e industrias creativas y la gastronom\u00eda, entre otras.<\/p>\n\n\n\n<p>Con entrada libre y gratuita, el evento cont\u00f3 con m\u00e1s de 100 actividades para toda la familia y shows musicales que se realizaron en dos escenarios, y la presencia de artistas de alcance nacional como Damas Gratis, Guasones, Las Pelotas, El Mat\u00f3 a un Polic\u00eda Motorizado, Lara 91K, Alika, entre otros. Adem\u00e1s se presentaron m\u00e1s de veinte bandas del cat\u00e1logo de artistas bonaerenses C\u00f3digo Provincia.<\/p>\n","protected":false},"excerpt":{"rendered":"<div class=\"mh-excerpt\"><p>Las Secretar\u00edas de Cultura y Turismo de Adolfo Alsina dijeron presente en el 203\u00b0 aniversario de la provincia de Buenos Aires. El gobernador Axel Kicillof visit\u00f3 el stand de Adolfo Alsina junto a funcionarios del Instituto Cultural de la provincia de Buenos aires. Las celebraciones se llevaron a cabo en el Estadio Diego Armando Maradona, de la ciudad de la Plata, donde nuestro distrito particip\u00f3 con un stand en el que se entregaban folletos informativos, bolsitas con muestras de la sal del Lago Epecu\u00e9n, se pod\u00eda recorrer una muestra fotogr\u00e1fica, y recibir asesoramiento sobre las propiedades del lago y de <a class=\"mh-excerpt-more\" href=\"http:\/\/dsrmedios.com.ar\/diario\/archivos\/30088\" title=\"Adolfo Alsina presente en los 203 a\u00f1os de la Provincia de Buenos Aires\">[Leer m\u00e1s]<\/a><\/p>\n<\/div>","protected":false},"author":5,"featured_media":30089,"comment_status":"open","ping_status":"closed","sticky":false,"template":"","format":"standard","meta":{"_jetpack_newsletter_access":""},"categories":[18,31],"tags":[],"jetpack_featured_media_url":"http:\/\/dsrmedios.com.ar\/diario\/wp-content\/uploads\/2023\/02\/kicillofcarhue.jpeg","jetpack_sharing_enabled":true,"jetpack_shortlink":"https:\/\/wp.me\/p9fihK-7Pi","_links":{"self":[{"href":"http:\/\/dsrmedios.com.ar\/diario\/wp-json\/wp\/v2\/posts\/30088"}],"collection":[{"href":"http:\/\/dsrmedios.com.ar\/diario\/wp-json\/wp\/v2\/posts"}],"about":[{"href":"http:\/\/dsrmedios.com.ar\/diario\/wp-json\/wp\/v2\/types\/post"}],"author":[{"embeddable":true,"href":"http:\/\/dsrmedios.com.ar\/diario\/wp-json\/wp\/v2\/users\/5"}],"replies":[{"embeddable":true,"href":"http:\/\/dsrmedios.com.ar\/diario\/wp-json\/wp\/v2\/comments?post=30088"}],"version-history":[{"count":1,"href":"http:\/\/dsrmedios.com.ar\/diario\/wp-json\/wp\/v2\/posts\/30088\/revisions"}],"predecessor-version":[{"id":30090,"href":"http:\/\/dsrmedios.com.ar\/diario\/wp-json\/wp\/v2\/posts\/30088\/revisions\/30090"}],"wp:featuredmedia":[{"embeddable":true,"href":"http:\/\/dsrmedios.com.ar\/diario\/wp-json\/wp\/v2\/media\/30089"}],"wp:attachment":[{"href":"http:\/\/dsrmedios.com.ar\/diario\/wp-json\/wp\/v2\/media?parent=30088"}],"wp:term":[{"taxonomy":"category","embeddable":true,"href":"http:\/\/dsrmedios.com.ar\/diario\/wp-json\/wp\/v2\/categories?post=30088"},{"taxonomy":"post_tag","embeddable":true,"href":"http:\/\/dsrmedios.com.ar\/diario\/wp-json\/wp\/v2\/tags?post=30088"}],"curies":[{"name":"wp","href":"https:\/\/api.w.org\/{rel}","templated":true}]}}