{"id":30085,"date":"2023-02-15T10:15:50","date_gmt":"2023-02-15T13:15:50","guid":{"rendered":"http:\/\/dsrmedios.com.ar\/diario\/?p=30085"},"modified":"2023-02-15T10:15:54","modified_gmt":"2023-02-15T13:15:54","slug":"el-ministro-costa-se-reunio-con-prestadores-turisticos-de-adolfo-alsina","status":"publish","type":"post","link":"http:\/\/dsrmedios.com.ar\/diario\/archivos\/30085","title":{"rendered":"El Ministro Costa se reuni\u00f3 con prestadores tur\u00edsticos de Adolfo Alsina"},"content":{"rendered":"\n<p>El Intendente Javier Andres, el Ministro de Producci\u00f3n Ciencia e Innovaci\u00f3n Tecnol\u00f3gica de la Provincia de Buenos Aires, Augusto Costa, y la Subsecretaria de Turismo bonaerense, Soledad Mart\u00ednez, se reunieron con prestadores tur\u00edsticos de Carhu\u00e9, Rivera y San Miguel Arc\u00e1ngel \u2013 localidades que forman el Tri\u00e1ngulo Tur\u00edstico y Cultural de Adolfo Alsina \u2013 acompa\u00f1ados por el Secretario de Turismo Pablo Ledesma, y la Secretaria de Producci\u00f3n y Desarrollo local Tamara Guere\u00f1o y representantes de la Escuela Agraria de Rivera.<\/p>\n\n\n\n<p>Los prestadores locales tuvieron la posibilidad de expresar sus consultas, presentar proyectos y dialogar acerca de las necesidades del sector.<\/p>\n\n\n\n<p>El Intendente Javier Andres afirm\u00f3: &#8220;Destaco la escucha y la construcci\u00f3n de proyectos sustentables como metodolog\u00eda de trabajo en conjunto&#8221;.<\/p>\n\n\n\n<p>El Ministro, luego de relevar todas las demandas y necesidades del sector, plante\u00f3 los proyectos en los que est\u00e1n trabajando, el impacto en Adolfo Alsina de las pol\u00edticas p\u00fablicas que lleva su cartera y, adelant\u00f3 que est\u00e1 pr\u00f3ximo a salir un proyecto en el marco de 50 destinos de Naci\u00f3n que se trabaj\u00f3 junto a la Secretar\u00eda de Turismo de nuestro distrito.<\/p>\n","protected":false},"excerpt":{"rendered":"<div class=\"mh-excerpt\"><p>El Intendente Javier Andres, el Ministro de Producci\u00f3n Ciencia e Innovaci\u00f3n Tecnol\u00f3gica de la Provincia de Buenos Aires, Augusto Costa, y la Subsecretaria de Turismo bonaerense, Soledad Mart\u00ednez, se reunieron con prestadores tur\u00edsticos de Carhu\u00e9, Rivera y San Miguel Arc\u00e1ngel \u2013 localidades que forman el Tri\u00e1ngulo Tur\u00edstico y Cultural de Adolfo Alsina \u2013 acompa\u00f1ados por el Secretario de Turismo Pablo Ledesma, y la Secretaria de Producci\u00f3n y Desarrollo local Tamara Guere\u00f1o y representantes de la Escuela Agraria de Rivera. Los prestadores locales tuvieron la posibilidad de expresar sus consultas, presentar proyectos y dialogar acerca de las necesidades del sector. El <a class=\"mh-excerpt-more\" href=\"http:\/\/dsrmedios.com.ar\/diario\/archivos\/30085\" title=\"El Ministro Costa se reuni\u00f3 con prestadores tur\u00edsticos de Adolfo Alsina\">[Leer m\u00e1s]<\/a><\/p>\n<\/div>","protected":false},"author":5,"featured_media":30086,"comment_status":"open","ping_status":"closed","sticky":false,"template":"","format":"standard","meta":{"_jetpack_newsletter_access":""},"categories":[18,31],"tags":[],"jetpack_featured_media_url":"http:\/\/dsrmedios.com.ar\/diario\/wp-content\/uploads\/2023\/02\/turismoreunion.jpg","jetpack_sharing_enabled":true,"jetpack_shortlink":"https:\/\/wp.me\/p9fihK-7Pf","_links":{"self":[{"href":"http:\/\/dsrmedios.com.ar\/diario\/wp-json\/wp\/v2\/posts\/30085"}],"collection":[{"href":"http:\/\/dsrmedios.com.ar\/diario\/wp-json\/wp\/v2\/posts"}],"about":[{"href":"http:\/\/dsrmedios.com.ar\/diario\/wp-json\/wp\/v2\/types\/post"}],"author":[{"embeddable":true,"href":"http:\/\/dsrmedios.com.ar\/diario\/wp-json\/wp\/v2\/users\/5"}],"replies":[{"embeddable":true,"href":"http:\/\/dsrmedios.com.ar\/diario\/wp-json\/wp\/v2\/comments?post=30085"}],"version-history":[{"count":1,"href":"http:\/\/dsrmedios.com.ar\/diario\/wp-json\/wp\/v2\/posts\/30085\/revisions"}],"predecessor-version":[{"id":30087,"href":"http:\/\/dsrmedios.com.ar\/diario\/wp-json\/wp\/v2\/posts\/30085\/revisions\/30087"}],"wp:featuredmedia":[{"embeddable":true,"href":"http:\/\/dsrmedios.com.ar\/diario\/wp-json\/wp\/v2\/media\/30086"}],"wp:attachment":[{"href":"http:\/\/dsrmedios.com.ar\/diario\/wp-json\/wp\/v2\/media?parent=30085"}],"wp:term":[{"taxonomy":"category","embeddable":true,"href":"http:\/\/dsrmedios.com.ar\/diario\/wp-json\/wp\/v2\/categories?post=30085"},{"taxonomy":"post_tag","embeddable":true,"href":"http:\/\/dsrmedios.com.ar\/diario\/wp-json\/wp\/v2\/tags?post=30085"}],"curies":[{"name":"wp","href":"https:\/\/api.w.org\/{rel}","templated":true}]}}