{"id":30072,"date":"2023-02-13T10:45:45","date_gmt":"2023-02-13T13:45:45","guid":{"rendered":"http:\/\/dsrmedios.com.ar\/diario\/?p=30072"},"modified":"2023-02-13T10:45:48","modified_gmt":"2023-02-13T13:45:48","slug":"exitosa-xxi-fiesta-provincial-del-turismo-termal-2023","status":"publish","type":"post","link":"http:\/\/dsrmedios.com.ar\/diario\/archivos\/30072","title":{"rendered":"Exitosa XXI Fiesta Provincial del Turismo Termal 2023"},"content":{"rendered":"\n<p>El show central de Axel, la entrega del premio Corona de Sal, la voz de Eloisa Irigoyen, el humos de Beto Mena, pe\u00f1a municipal La Fortinera, grupo Mezclados y Murga Gambeteando la Violeta fueron los atractivos que, junto a paseo de emprendedores y artesanos y stands gastron\u00f3micos, colmaron de p\u00fablico los alrededores del Palacio Municipal en la ciudad de Carhu\u00e9, la calle Pellegrini y la plaza Nicol\u00e1s Levalle.<\/p>\n\n\n\n<p>Con la tradicional y alegre conducci\u00f3n de Julieta S\u00e1nchez y Christian Montesino la edici\u00f3n n\u00famero 21 de la fiesta dio inicio a las 20:30 del s\u00e1bado 11 de febrero destacando las bondades del turismo: \u201cEl Turismo es una actividad Generosa\u2026de las m\u00e1s Generosas\u2026Las localidades con turismo, no solo mejoran sus econom\u00edas sino que tambi\u00e9n crecen socialmente y culturalmente. Convierte a los residentes locales en verdaderos protagonistas de la actividad siendo los anfitriones de todos aquellos que deciden venir a conocer las bondades del destino.<\/p>\n\n\n\n<p>Carhu\u00e9 es hoy uno de los lugares tur\u00edsticos m\u00e1s importantes de la Provincia de Buenos Aires, por su singularidad. Con el maravilloso lago Epecu\u00e9n y sus propiedades, con el turismo de naturaleza y las caracter\u00edsticas de su historia Termal que hizo que en el a\u00f1o 2014 &#8211; por Ley 14.639 &#8211; fuera declarada LA CAPITAL PROVINCIAL DEL TURISMO TERMAL. Hoy, muchos  a\u00f1os despu\u00e9s de que un grupo de empresarios locales tuviera la idea de tener nuestra propia fiesta, les damos la \u00a1Bienvenida a la XXI edici\u00f3n de la Fiesta Provincial del Turismo Termal!\u201d                        <\/p>\n\n\n\n<p>La presencia de artistas nacionales, regionales y locales que se lucieron en el escenario mayor junto a la entrega del premio Corona de Sal &#8211; ganado por el Bail\u00f3dromo de Diego Mayer &#8211; como reconoce al trabajo y al aporte para el crecimiento y desarrollo del turismo; y un reconocimiento especial la Municipalidad de Adolfo Alsina a la Asociaci\u00f3n de propietarios de hoteles, termas, residenciales y afines de Carhu\u00e9 en reconocimiento a su permanente esfuerzo por el desarrollo tur\u00edstico de la ciudad cabecera de Adolfo Alsina.<\/p>\n","protected":false},"excerpt":{"rendered":"<div class=\"mh-excerpt\"><p>El show central de Axel, la entrega del premio Corona de Sal, la voz de Eloisa Irigoyen, el humos de Beto Mena, pe\u00f1a municipal La Fortinera, grupo Mezclados y Murga Gambeteando la Violeta fueron los atractivos que, junto a paseo de emprendedores y artesanos y stands gastron\u00f3micos, colmaron de p\u00fablico los alrededores del Palacio Municipal en la ciudad de Carhu\u00e9, la calle Pellegrini y la plaza Nicol\u00e1s Levalle. Con la tradicional y alegre conducci\u00f3n de Julieta S\u00e1nchez y Christian Montesino la edici\u00f3n n\u00famero 21 de la fiesta dio inicio a las 20:30 del s\u00e1bado 11 de febrero destacando las bondades <a class=\"mh-excerpt-more\" href=\"http:\/\/dsrmedios.com.ar\/diario\/archivos\/30072\" title=\"Exitosa XXI Fiesta Provincial del Turismo Termal 2023\">[Leer m\u00e1s]<\/a><\/p>\n<\/div>","protected":false},"author":5,"featured_media":30073,"comment_status":"open","ping_status":"closed","sticky":false,"template":"","format":"standard","meta":{"_jetpack_newsletter_access":""},"categories":[18,31],"tags":[],"jetpack_featured_media_url":"http:\/\/dsrmedios.com.ar\/diario\/wp-content\/uploads\/2023\/02\/bailodromo22.jpg","jetpack_sharing_enabled":true,"jetpack_shortlink":"https:\/\/wp.me\/p9fihK-7P2","_links":{"self":[{"href":"http:\/\/dsrmedios.com.ar\/diario\/wp-json\/wp\/v2\/posts\/30072"}],"collection":[{"href":"http:\/\/dsrmedios.com.ar\/diario\/wp-json\/wp\/v2\/posts"}],"about":[{"href":"http:\/\/dsrmedios.com.ar\/diario\/wp-json\/wp\/v2\/types\/post"}],"author":[{"embeddable":true,"href":"http:\/\/dsrmedios.com.ar\/diario\/wp-json\/wp\/v2\/users\/5"}],"replies":[{"embeddable":true,"href":"http:\/\/dsrmedios.com.ar\/diario\/wp-json\/wp\/v2\/comments?post=30072"}],"version-history":[{"count":1,"href":"http:\/\/dsrmedios.com.ar\/diario\/wp-json\/wp\/v2\/posts\/30072\/revisions"}],"predecessor-version":[{"id":30074,"href":"http:\/\/dsrmedios.com.ar\/diario\/wp-json\/wp\/v2\/posts\/30072\/revisions\/30074"}],"wp:featuredmedia":[{"embeddable":true,"href":"http:\/\/dsrmedios.com.ar\/diario\/wp-json\/wp\/v2\/media\/30073"}],"wp:attachment":[{"href":"http:\/\/dsrmedios.com.ar\/diario\/wp-json\/wp\/v2\/media?parent=30072"}],"wp:term":[{"taxonomy":"category","embeddable":true,"href":"http:\/\/dsrmedios.com.ar\/diario\/wp-json\/wp\/v2\/categories?post=30072"},{"taxonomy":"post_tag","embeddable":true,"href":"http:\/\/dsrmedios.com.ar\/diario\/wp-json\/wp\/v2\/tags?post=30072"}],"curies":[{"name":"wp","href":"https:\/\/api.w.org\/{rel}","templated":true}]}}