{"id":30069,"date":"2023-02-13T10:43:44","date_gmt":"2023-02-13T13:43:44","guid":{"rendered":"http:\/\/dsrmedios.com.ar\/diario\/?p=30069"},"modified":"2023-02-13T10:43:47","modified_gmt":"2023-02-13T13:43:47","slug":"el-bailodromo-se-quedo-con-la-corona-de-sal","status":"publish","type":"post","link":"http:\/\/dsrmedios.com.ar\/diario\/archivos\/30069","title":{"rendered":"El Bail\u00f3dromo se qued\u00f3 con la Corona de Sal"},"content":{"rendered":"\n<p>de la cuarta edici\u00f3n del premio Corona de Sal fue \u201cEl Bail\u00f3dromo\u201d, evento conducido y organizado por Diego Mayer.<\/p>\n\n\n\n<p>El m\u00fasico carhuense Diego Mayer, quien tiene m\u00e1s de 40 a\u00f1os de trayectoria,  con talento y trabajo se convirti\u00f3 en profesor, creador y productor de eventos musicales: uno de los m\u00e1s populares para Carhu\u00e9 y la zona es el \u201cBail\u00f3dromo en la Plaza\u201d, evento que se llev\u00f3 la tan deseada Corona de Sal, en medio de la ovaci\u00f3n del p\u00fablico y los aplausos cerrados.<\/p>\n\n\n\n<p>El ganador se dio a conocer durante la XXI Fiesta Provincial del Turismo Termal y la Corona fue entregada por el Intendente de Adolfo Alsina, Javier Andres, acompa\u00f1ado por el Secretario de Turismo Pablo Ledesma.<\/p>\n","protected":false},"excerpt":{"rendered":"<div class=\"mh-excerpt\"><p>de la cuarta edici\u00f3n del premio Corona de Sal fue \u201cEl Bail\u00f3dromo\u201d, evento conducido y organizado por Diego Mayer. El m\u00fasico carhuense Diego Mayer, quien tiene m\u00e1s de 40 a\u00f1os de trayectoria, con talento y trabajo se convirti\u00f3 en profesor, creador y productor de eventos musicales: uno de los m\u00e1s populares para Carhu\u00e9 y la zona es el \u201cBail\u00f3dromo en la Plaza\u201d, evento que se llev\u00f3 la tan deseada Corona de Sal, en medio de la ovaci\u00f3n del p\u00fablico y los aplausos cerrados. El ganador se dio a conocer durante la XXI Fiesta Provincial del Turismo Termal y la Corona <a class=\"mh-excerpt-more\" href=\"http:\/\/dsrmedios.com.ar\/diario\/archivos\/30069\" title=\"El Bail\u00f3dromo se qued\u00f3 con la Corona de Sal\">[Leer m\u00e1s]<\/a><\/p>\n<\/div>","protected":false},"author":5,"featured_media":30070,"comment_status":"open","ping_status":"closed","sticky":false,"template":"","format":"standard","meta":{"_jetpack_newsletter_access":""},"categories":[18,31],"tags":[],"jetpack_featured_media_url":"http:\/\/dsrmedios.com.ar\/diario\/wp-content\/uploads\/2023\/02\/bailodromo.jpeg","jetpack_sharing_enabled":true,"jetpack_shortlink":"https:\/\/wp.me\/p9fihK-7OZ","_links":{"self":[{"href":"http:\/\/dsrmedios.com.ar\/diario\/wp-json\/wp\/v2\/posts\/30069"}],"collection":[{"href":"http:\/\/dsrmedios.com.ar\/diario\/wp-json\/wp\/v2\/posts"}],"about":[{"href":"http:\/\/dsrmedios.com.ar\/diario\/wp-json\/wp\/v2\/types\/post"}],"author":[{"embeddable":true,"href":"http:\/\/dsrmedios.com.ar\/diario\/wp-json\/wp\/v2\/users\/5"}],"replies":[{"embeddable":true,"href":"http:\/\/dsrmedios.com.ar\/diario\/wp-json\/wp\/v2\/comments?post=30069"}],"version-history":[{"count":1,"href":"http:\/\/dsrmedios.com.ar\/diario\/wp-json\/wp\/v2\/posts\/30069\/revisions"}],"predecessor-version":[{"id":30071,"href":"http:\/\/dsrmedios.com.ar\/diario\/wp-json\/wp\/v2\/posts\/30069\/revisions\/30071"}],"wp:featuredmedia":[{"embeddable":true,"href":"http:\/\/dsrmedios.com.ar\/diario\/wp-json\/wp\/v2\/media\/30070"}],"wp:attachment":[{"href":"http:\/\/dsrmedios.com.ar\/diario\/wp-json\/wp\/v2\/media?parent=30069"}],"wp:term":[{"taxonomy":"category","embeddable":true,"href":"http:\/\/dsrmedios.com.ar\/diario\/wp-json\/wp\/v2\/categories?post=30069"},{"taxonomy":"post_tag","embeddable":true,"href":"http:\/\/dsrmedios.com.ar\/diario\/wp-json\/wp\/v2\/tags?post=30069"}],"curies":[{"name":"wp","href":"https:\/\/api.w.org\/{rel}","templated":true}]}}