{"id":30054,"date":"2023-02-02T10:24:09","date_gmt":"2023-02-02T13:24:09","guid":{"rendered":"http:\/\/dsrmedios.com.ar\/diario\/?p=30054"},"modified":"2023-02-02T10:24:13","modified_gmt":"2023-02-02T13:24:13","slug":"censo-nacional-adolfo-alsina-consolida-la-2-decada-de-crecimiento","status":"publish","type":"post","link":"http:\/\/dsrmedios.com.ar\/diario\/archivos\/30054","title":{"rendered":"Censo Nacional: Adolfo Alsina consolida la 2\u00b0 d\u00e9cada de crecimiento"},"content":{"rendered":"\n<p>Los resultados del Censo 2022 demostraron que Adolfo Alsina aument\u00f3 la cantidad de habitantes a 17.666 y de viviendas a 8.799.-<\/p>\n\n\n\n<p>Trabajar para que este crecimiento sea sustentable y para mejorar la calidad de vida de todas las personas que viven en Adolfo Alsina ha sido una prioridad a lo largo de los a\u00f1os.<\/p>\n\n\n\n<p>El Intendente Javier Andres afirm\u00f3: \u201cM\u00e1s poblaci\u00f3n requiere m\u00e1s infraestructura y m\u00e1s servicios. Esto significa que el distrito contiene a sus habitantes y al mismo tiempo es atractivo para muchas personas que eligen nuestro lugar para vivir y criar a su familia.\u201d<br>\nDes<\/p>\n","protected":false},"excerpt":{"rendered":"<div class=\"mh-excerpt\"><p>Los resultados del Censo 2022 demostraron que Adolfo Alsina aument\u00f3 la cantidad de habitantes a 17.666 y de viviendas a 8.799.- Trabajar para que este crecimiento sea sustentable y para mejorar la calidad de vida de todas las personas que viven en Adolfo Alsina ha sido una prioridad a lo largo de los a\u00f1os. El Intendente Javier Andres afirm\u00f3: \u201cM\u00e1s poblaci\u00f3n requiere m\u00e1s infraestructura y m\u00e1s servicios. Esto significa que el distrito contiene a sus habitantes y al mismo tiempo es atractivo para muchas personas que eligen nuestro lugar para vivir y criar a su familia.\u201d Des<\/p>\n<\/div>","protected":false},"author":5,"featured_media":30055,"comment_status":"open","ping_status":"closed","sticky":false,"template":"","format":"standard","meta":{"_jetpack_newsletter_access":""},"categories":[18,31],"tags":[],"jetpack_featured_media_url":"http:\/\/dsrmedios.com.ar\/diario\/wp-content\/uploads\/2023\/02\/CENSO.jpeg","jetpack_sharing_enabled":true,"jetpack_shortlink":"https:\/\/wp.me\/p9fihK-7OK","_links":{"self":[{"href":"http:\/\/dsrmedios.com.ar\/diario\/wp-json\/wp\/v2\/posts\/30054"}],"collection":[{"href":"http:\/\/dsrmedios.com.ar\/diario\/wp-json\/wp\/v2\/posts"}],"about":[{"href":"http:\/\/dsrmedios.com.ar\/diario\/wp-json\/wp\/v2\/types\/post"}],"author":[{"embeddable":true,"href":"http:\/\/dsrmedios.com.ar\/diario\/wp-json\/wp\/v2\/users\/5"}],"replies":[{"embeddable":true,"href":"http:\/\/dsrmedios.com.ar\/diario\/wp-json\/wp\/v2\/comments?post=30054"}],"version-history":[{"count":1,"href":"http:\/\/dsrmedios.com.ar\/diario\/wp-json\/wp\/v2\/posts\/30054\/revisions"}],"predecessor-version":[{"id":30056,"href":"http:\/\/dsrmedios.com.ar\/diario\/wp-json\/wp\/v2\/posts\/30054\/revisions\/30056"}],"wp:featuredmedia":[{"embeddable":true,"href":"http:\/\/dsrmedios.com.ar\/diario\/wp-json\/wp\/v2\/media\/30055"}],"wp:attachment":[{"href":"http:\/\/dsrmedios.com.ar\/diario\/wp-json\/wp\/v2\/media?parent=30054"}],"wp:term":[{"taxonomy":"category","embeddable":true,"href":"http:\/\/dsrmedios.com.ar\/diario\/wp-json\/wp\/v2\/categories?post=30054"},{"taxonomy":"post_tag","embeddable":true,"href":"http:\/\/dsrmedios.com.ar\/diario\/wp-json\/wp\/v2\/tags?post=30054"}],"curies":[{"name":"wp","href":"https:\/\/api.w.org\/{rel}","templated":true}]}}