{"id":29368,"date":"2022-09-12T18:43:03","date_gmt":"2022-09-12T21:43:03","guid":{"rendered":"http:\/\/dsrmedios.com.ar\/diario\/?p=29368"},"modified":"2022-09-12T18:43:06","modified_gmt":"2022-09-12T21:43:06","slug":"alumnos-del-instituto-don-bosco-de-pedro-luro-visitaron-carhue-2","status":"publish","type":"post","link":"http:\/\/dsrmedios.com.ar\/diario\/archivos\/29368","title":{"rendered":"Alumnos del Instituto Don Bosco de Pedro Luro visitaron Carhu\u00e9"},"content":{"rendered":"\n<p>Alumnos de 5\u00b0 a\u00f1o del Instituto Don Bosco de Fort\u00edn Mercedes de Pedro Luro visitaron Carhu\u00e9 y fueron guiados por la guardaparques Viviana Castro.<\/p>\n\n\n\n<p>Cuarenta y cinco estudiantes, incluyendo un alumno de origen franc\u00e9s que se encuentra en Argentina realizando un viaje de estudios de intercambio, recorrieron Epecu\u00e9n, la Reserva Natural y la Obra del Arq. Francisco Salamone.<\/p>\n\n\n\n<p>Las materias involucradas en este viaje de estudio son geograf\u00eda, historia, econom\u00eda, sociolog\u00eda y comunicaci\u00f3n, cultura y sociedad.<\/p>\n\n\n\n<p>Pedro Luro ha adquirido notoriedad en virtud del llamado tri\u00e1ngulo tur\u00edstico integrado por el Fort\u00edn Mercedes -origen de la ciudad-, las Termas Ceferino Namuncur\u00e1 y la laguna.<\/p>\n","protected":false},"excerpt":{"rendered":"<div class=\"mh-excerpt\"><p>Alumnos de 5\u00b0 a\u00f1o del Instituto Don Bosco de Fort\u00edn Mercedes de Pedro Luro visitaron Carhu\u00e9 y fueron guiados por la guardaparques Viviana Castro. Cuarenta y cinco estudiantes, incluyendo un alumno de origen franc\u00e9s que se encuentra en Argentina realizando un viaje de estudios de intercambio, recorrieron Epecu\u00e9n, la Reserva Natural y la Obra del Arq. Francisco Salamone. Las materias involucradas en este viaje de estudio son geograf\u00eda, historia, econom\u00eda, sociolog\u00eda y comunicaci\u00f3n, cultura y sociedad. Pedro Luro ha adquirido notoriedad en virtud del llamado tri\u00e1ngulo tur\u00edstico integrado por el Fort\u00edn Mercedes -origen de la ciudad-, las Termas Ceferino Namuncur\u00e1 <a class=\"mh-excerpt-more\" href=\"http:\/\/dsrmedios.com.ar\/diario\/archivos\/29368\" title=\"Alumnos del Instituto Don Bosco de Pedro Luro visitaron Carhu\u00e9\">[Leer m\u00e1s]<\/a><\/p>\n<\/div>","protected":false},"author":5,"featured_media":29369,"comment_status":"open","ping_status":"closed","sticky":false,"template":"","format":"standard","meta":{"_jetpack_newsletter_access":""},"categories":[18,31],"tags":[],"jetpack_featured_media_url":"http:\/\/dsrmedios.com.ar\/diario\/wp-content\/uploads\/2022\/09\/DONBOSCO.jpeg","jetpack_sharing_enabled":true,"jetpack_shortlink":"https:\/\/wp.me\/p9fihK-7DG","_links":{"self":[{"href":"http:\/\/dsrmedios.com.ar\/diario\/wp-json\/wp\/v2\/posts\/29368"}],"collection":[{"href":"http:\/\/dsrmedios.com.ar\/diario\/wp-json\/wp\/v2\/posts"}],"about":[{"href":"http:\/\/dsrmedios.com.ar\/diario\/wp-json\/wp\/v2\/types\/post"}],"author":[{"embeddable":true,"href":"http:\/\/dsrmedios.com.ar\/diario\/wp-json\/wp\/v2\/users\/5"}],"replies":[{"embeddable":true,"href":"http:\/\/dsrmedios.com.ar\/diario\/wp-json\/wp\/v2\/comments?post=29368"}],"version-history":[{"count":1,"href":"http:\/\/dsrmedios.com.ar\/diario\/wp-json\/wp\/v2\/posts\/29368\/revisions"}],"predecessor-version":[{"id":29370,"href":"http:\/\/dsrmedios.com.ar\/diario\/wp-json\/wp\/v2\/posts\/29368\/revisions\/29370"}],"wp:featuredmedia":[{"embeddable":true,"href":"http:\/\/dsrmedios.com.ar\/diario\/wp-json\/wp\/v2\/media\/29369"}],"wp:attachment":[{"href":"http:\/\/dsrmedios.com.ar\/diario\/wp-json\/wp\/v2\/media?parent=29368"}],"wp:term":[{"taxonomy":"category","embeddable":true,"href":"http:\/\/dsrmedios.com.ar\/diario\/wp-json\/wp\/v2\/categories?post=29368"},{"taxonomy":"post_tag","embeddable":true,"href":"http:\/\/dsrmedios.com.ar\/diario\/wp-json\/wp\/v2\/tags?post=29368"}],"curies":[{"name":"wp","href":"https:\/\/api.w.org\/{rel}","templated":true}]}}