{"id":2790,"date":"2017-11-30T09:08:32","date_gmt":"2017-11-30T12:08:32","guid":{"rendered":"http:\/\/dsrmedios.com.ar\/diario\/?p=2790"},"modified":"2017-11-30T09:08:32","modified_gmt":"2017-11-30T12:08:32","slug":"el-senado-nacional-dio-media-sancion-a-la-reforma-previsional-y-el-pacto-fiscal","status":"publish","type":"post","link":"http:\/\/dsrmedios.com.ar\/diario\/archivos\/2790","title":{"rendered":"El Senado Nacional di\u00f3 media sanci\u00f3n a la reforma previsional y el pacto fiscal"},"content":{"rendered":"<p>En un debate con visiones enfrentadas en torno a si los acuerdos firmados por la Naci\u00f3n y las provincias significan un ajuste, el oficialismo le dio media sanci\u00f3n esta medianoche a la reforma de la movilidad jubilatoria. Fue con 43 votos afirmativos, 23 negativos y tres abstenciones. Cont\u00f3 con apoyo de senadores que responden a los gobernadores peronistas que avalaron el pacto fiscal, que tambi\u00e9n fue aprobado, al igual que la ley de responsabilidad fiscal.<\/p>\n<p>En sesi\u00f3n marat\u00f3nica, \u00faltima del per\u00edodo ordinario, con senadores que se desped\u00edan ante el cambio de composici\u00f3n desde el 10 de diciembre, el debate se centr\u00f3 en la reforma previsional impulsada por el Gobierno -y que forma parte del llamado \u201cconsenso fiscal\u201d firmado con 22 provincias y la Ciudad de Buenos Aires-, cuyo punto central es el modo de calcular los incrementos jubilatorios.La nueva f\u00f3rmula combina la inflaci\u00f3n en un 70%, pero tambi\u00e9n la variaci\u00f3n salarial (\u00edndice RIPTE), en otro 30%, como propuso para acompa\u00f1ar el proyecto el sector del PJ-FpV que lidera Miguel Pichetto. As\u00ed, se dej\u00f3 de lado el plus por crecimiento que propuso el Ejecutivo.<\/p>\n","protected":false},"excerpt":{"rendered":"<div class=\"mh-excerpt\"><p>En un debate con visiones enfrentadas en torno a si los acuerdos firmados por la Naci\u00f3n y las provincias significan un ajuste, el oficialismo le dio media sanci\u00f3n esta medianoche a la reforma de la movilidad jubilatoria. Fue con 43 votos afirmativos, 23 negativos y tres abstenciones. Cont\u00f3 con apoyo de senadores que responden a los gobernadores peronistas que avalaron el pacto fiscal, que tambi\u00e9n fue aprobado, al igual que la ley de responsabilidad fiscal. En sesi\u00f3n marat\u00f3nica, \u00faltima del per\u00edodo ordinario, con senadores que se desped\u00edan ante el cambio de composici\u00f3n desde el 10 de diciembre, el debate se <a class=\"mh-excerpt-more\" href=\"http:\/\/dsrmedios.com.ar\/diario\/archivos\/2790\" title=\"El Senado Nacional di\u00f3 media sanci\u00f3n a la reforma previsional y el pacto fiscal\">[Leer m\u00e1s]<\/a><\/p>\n<\/div>","protected":false},"author":5,"featured_media":2765,"comment_status":"open","ping_status":"closed","sticky":false,"template":"","format":"standard","meta":{"_jetpack_newsletter_access":""},"categories":[18],"tags":[],"jetpack_featured_media_url":"http:\/\/dsrmedios.com.ar\/diario\/wp-content\/uploads\/2017\/11\/jurasenadores.jpg","jetpack_sharing_enabled":true,"jetpack_shortlink":"https:\/\/wp.me\/p9fihK-J0","_links":{"self":[{"href":"http:\/\/dsrmedios.com.ar\/diario\/wp-json\/wp\/v2\/posts\/2790"}],"collection":[{"href":"http:\/\/dsrmedios.com.ar\/diario\/wp-json\/wp\/v2\/posts"}],"about":[{"href":"http:\/\/dsrmedios.com.ar\/diario\/wp-json\/wp\/v2\/types\/post"}],"author":[{"embeddable":true,"href":"http:\/\/dsrmedios.com.ar\/diario\/wp-json\/wp\/v2\/users\/5"}],"replies":[{"embeddable":true,"href":"http:\/\/dsrmedios.com.ar\/diario\/wp-json\/wp\/v2\/comments?post=2790"}],"version-history":[{"count":1,"href":"http:\/\/dsrmedios.com.ar\/diario\/wp-json\/wp\/v2\/posts\/2790\/revisions"}],"predecessor-version":[{"id":2791,"href":"http:\/\/dsrmedios.com.ar\/diario\/wp-json\/wp\/v2\/posts\/2790\/revisions\/2791"}],"wp:featuredmedia":[{"embeddable":true,"href":"http:\/\/dsrmedios.com.ar\/diario\/wp-json\/wp\/v2\/media\/2765"}],"wp:attachment":[{"href":"http:\/\/dsrmedios.com.ar\/diario\/wp-json\/wp\/v2\/media?parent=2790"}],"wp:term":[{"taxonomy":"category","embeddable":true,"href":"http:\/\/dsrmedios.com.ar\/diario\/wp-json\/wp\/v2\/categories?post=2790"},{"taxonomy":"post_tag","embeddable":true,"href":"http:\/\/dsrmedios.com.ar\/diario\/wp-json\/wp\/v2\/tags?post=2790"}],"curies":[{"name":"wp","href":"https:\/\/api.w.org\/{rel}","templated":true}]}}