{"id":2774,"date":"2017-11-29T09:52:11","date_gmt":"2017-11-29T12:52:11","guid":{"rendered":"http:\/\/dsrmedios.com.ar\/diario\/?p=2774"},"modified":"2017-11-29T09:52:11","modified_gmt":"2017-11-29T12:52:11","slug":"habra-cambios-en-los-micros-que-unen-localidades-de-nuestro-distrito","status":"publish","type":"post","link":"http:\/\/dsrmedios.com.ar\/diario\/archivos\/2774","title":{"rendered":"Habr\u00e1 cambios en los micros que unen localidades de nuestro distrito"},"content":{"rendered":"<p>El micro Municipal que une las localidades de Rivera y Carhu\u00e9 saldr\u00e1 el jueves 30 de noviembre en vez del d\u00eda viernes 1\u00b0de diciembre.<br \/>\nAl mismo tiempo, la pr\u00f3xima semana la unidad estar\u00e1 en reparaci\u00f3n, por lo que no se prestar\u00e1 el servicio del 4 al 8 de diciembre.<br \/>\nLuego el servicio continuar\u00e1 funcionando en los d\u00edas y horarios habituales<\/p>\n","protected":false},"excerpt":{"rendered":"<div class=\"mh-excerpt\"><p>El micro Municipal que une las localidades de Rivera y Carhu\u00e9 saldr\u00e1 el jueves 30 de noviembre en vez del d\u00eda viernes 1\u00b0de diciembre. Al mismo tiempo, la pr\u00f3xima semana la unidad estar\u00e1 en reparaci\u00f3n, por lo que no se prestar\u00e1 el servicio del 4 al 8 de diciembre. Luego el servicio continuar\u00e1 funcionando en los d\u00edas y horarios habituales<\/p>\n<\/div>","protected":false},"author":5,"featured_media":2775,"comment_status":"open","ping_status":"closed","sticky":false,"template":"","format":"standard","meta":{"_jetpack_newsletter_access":""},"categories":[18,5],"tags":[],"jetpack_featured_media_url":"http:\/\/dsrmedios.com.ar\/diario\/wp-content\/uploads\/2017\/11\/micro.jpg","jetpack_sharing_enabled":true,"jetpack_shortlink":"https:\/\/wp.me\/p9fihK-IK","_links":{"self":[{"href":"http:\/\/dsrmedios.com.ar\/diario\/wp-json\/wp\/v2\/posts\/2774"}],"collection":[{"href":"http:\/\/dsrmedios.com.ar\/diario\/wp-json\/wp\/v2\/posts"}],"about":[{"href":"http:\/\/dsrmedios.com.ar\/diario\/wp-json\/wp\/v2\/types\/post"}],"author":[{"embeddable":true,"href":"http:\/\/dsrmedios.com.ar\/diario\/wp-json\/wp\/v2\/users\/5"}],"replies":[{"embeddable":true,"href":"http:\/\/dsrmedios.com.ar\/diario\/wp-json\/wp\/v2\/comments?post=2774"}],"version-history":[{"count":1,"href":"http:\/\/dsrmedios.com.ar\/diario\/wp-json\/wp\/v2\/posts\/2774\/revisions"}],"predecessor-version":[{"id":2776,"href":"http:\/\/dsrmedios.com.ar\/diario\/wp-json\/wp\/v2\/posts\/2774\/revisions\/2776"}],"wp:featuredmedia":[{"embeddable":true,"href":"http:\/\/dsrmedios.com.ar\/diario\/wp-json\/wp\/v2\/media\/2775"}],"wp:attachment":[{"href":"http:\/\/dsrmedios.com.ar\/diario\/wp-json\/wp\/v2\/media?parent=2774"}],"wp:term":[{"taxonomy":"category","embeddable":true,"href":"http:\/\/dsrmedios.com.ar\/diario\/wp-json\/wp\/v2\/categories?post=2774"},{"taxonomy":"post_tag","embeddable":true,"href":"http:\/\/dsrmedios.com.ar\/diario\/wp-json\/wp\/v2\/tags?post=2774"}],"curies":[{"name":"wp","href":"https:\/\/api.w.org\/{rel}","templated":true}]}}