{"id":2767,"date":"2017-11-29T09:14:25","date_gmt":"2017-11-29T12:14:25","guid":{"rendered":"http:\/\/dsrmedios.com.ar\/diario\/?p=2767"},"modified":"2017-11-29T09:14:25","modified_gmt":"2017-11-29T12:14:25","slug":"el-5-de-diciembre-tomaran-juramento-a-los-legisladores-electos-de-la-provincia-de-buenos-aires","status":"publish","type":"post","link":"http:\/\/dsrmedios.com.ar\/diario\/archivos\/2767","title":{"rendered":"El 5 de diciembre tomar\u00e1n juramento a los legisladores electos de la Provincia de Buenos Aires"},"content":{"rendered":"<p>Ya est\u00e1 todo definido para la asunci\u00f3n de los nuevos legisladores de la provincia de Buenos Aires. Conforme a lo informado a\u00a0La Tecla\u00a0por fuentes de\u00a0la Legislatura\u00a0bonaerense, la misma se llevar\u00e1 a cabo el pr\u00f3ximo martes 5 de diciembre y tendr\u00e1 lugar en el Senado de\u00a0la Provincia\u00a0que preside el vicegobernador Daniel Salvador.<\/p>\n<p>Cabe destacar que horas antes de la asunci\u00f3n, se llevar\u00e1 adelante la entrega de los diplomas a cada uno de los senadores y diputados electos. El acto se realizar\u00e1 en el Anexo del Senado de\u00a0la Provincia, ubicado en calle 7 y 49 en la ciudad de\u00a0La Plata.<\/p>\n<p>De esta manera, el pr\u00f3ximo 5 se cambiar\u00e1n las bancas de\u00a0la Legislatura\u00a0y asumir\u00e1n los nuevos integrantes.<\/p>\n<p>Ellos son:<\/p>\n<p><strong>Primera Secci\u00f3n (senadores):<\/strong><\/p>\n<p>Cambiemos:\u00a0Gabino Tapia; Daniela Reich; Roberto Costa; Aldana Ahumada; Emiliano Lasada<\/p>\n<p>Unidad Ciudadana: Gustavo Soos; Mar\u00eda Teresa Garc\u00eda; Luis Vivona<\/p>\n<p><strong>Segunda Secci\u00f3n: (diputados):<\/strong><\/p>\n<p>Cambiemos: Santiago Passaglia; Sandra Par\u00eds; Mat\u00edas Ranzini; Andrea Bosco; Gustavo V\u00e9lez; Susana Lazzari<\/p>\n<p>Unidad Ciudadana: Mariano Pinedo; Patricia Moyano; Marcos di Palma; Fernanda D\u00edaz<\/p>\n<p>Un Pa\u00eds: Lisandro Borelli<\/p>\n<p><strong>Tercera Secci\u00f3n (diputados):<\/strong><\/p>\n<p>Unidad Ciudadana:\u00a0Mar\u00eda Laura Ram\u00edrez; Julio Pereyra; Fabiana Bertino; Federico Oterm\u00edn; Mariana Larroque; Facundo Tignanelli; Susana Gonz\u00e1lez; Juan Carlos Haljan<\/p>\n<p>Cambiemos:\u00a0Adri\u00e1n Urreli; Maricel Etchecoin Moro; Guillermo S\u00e1nchez Sterli; Gabriela Besana; Fernando P\u00e9rez; Mar\u00eda Elena Torresi; Mario Giacobbe<\/p>\n<p>Un Pa\u00eds:\u00a0Jorge D\u00b4Onofr\u00edo; Blanca Cantero<\/p>\n<p>FIT:\u00a0Guillermo Kane<\/p>\n<p><strong>Cuarta Secci\u00f3n (senadores)<\/strong><\/p>\n<p>Cambiemos:\u00a0Juan Fiorini; Ana Laura Geloso; Leandro Blanco; Felicitas Beccar Varela; Agust\u00edn Maspoli<\/p>\n<p>Unidad Ciudadana:\u00a0Aldo San Pedro: Mar\u00eda Elena Defunccio<\/p>\n<p><strong>Quinta Secci\u00f3n (senadores)<\/strong><\/p>\n<p>Cambiemos:\u00a0Francisco Bagnato; Flavia Delmonte; Lucas Fiorini<\/p>\n<p>Unidad Ciudadana: Gervasio Bozzano; Gabriela Demar\u00eda<\/p>\n<p><strong>Sexta Secci\u00f3n (diputados)<\/strong><\/p>\n<p>Cambiemos: Santiago Nardelli; Laura Aprile; Emiliano Bal\u00edb; Anah\u00ed Bilbalo: N\u00e9stor Resico; Ros\u00edo Antinori<\/p>\n<p>Unidad Ciudadana: Carlos Moreno; Marisol Merquel; Gabriel Godoy<\/p>\n<p>Un Pa\u00eds: Pablo Garate; Florencia Bevilacqua<\/p>\n<p><strong>S\u00e9ptima Secci\u00f3n (senadores)<\/strong><\/p>\n<p>Cambiemos: Alejandro Cellillo; Alejandra Tironi; Dalton J\u00e1uregui<\/p>\n<p><strong>Octava Secci\u00f3n (diputados)<\/strong><\/p>\n<p>Cambiemos: Carolina Piparo; Diego Rovella; Carolina Barros Schelotto; Guillermo Bard\u00f3n<\/p>\n<p>Unidad Ciudadana: Florencia Saintout; Guillermo Escudero<\/p>\n","protected":false},"excerpt":{"rendered":"<div class=\"mh-excerpt\"><p>Ya est\u00e1 todo definido para la asunci\u00f3n de los nuevos legisladores de la provincia de Buenos Aires. Conforme a lo informado a\u00a0La Tecla\u00a0por fuentes de\u00a0la Legislatura\u00a0bonaerense, la misma se llevar\u00e1 a cabo el pr\u00f3ximo martes 5 de diciembre y tendr\u00e1 lugar en el Senado de\u00a0la Provincia\u00a0que preside el vicegobernador Daniel Salvador. Cabe destacar que horas antes de la asunci\u00f3n, se llevar\u00e1 adelante la entrega de los diplomas a cada uno de los senadores y diputados electos. El acto se realizar\u00e1 en el Anexo del Senado de\u00a0la Provincia, ubicado en calle 7 y 49 en la ciudad de\u00a0La Plata. De esta <a class=\"mh-excerpt-more\" href=\"http:\/\/dsrmedios.com.ar\/diario\/archivos\/2767\" title=\"El 5 de diciembre tomar\u00e1n juramento a los legisladores electos de la Provincia de Buenos Aires\">[Leer m\u00e1s]<\/a><\/p>\n<\/div>","protected":false},"author":5,"featured_media":2768,"comment_status":"open","ping_status":"closed","sticky":false,"template":"","format":"standard","meta":{"_jetpack_newsletter_access":""},"categories":[18,7],"tags":[],"jetpack_featured_media_url":"http:\/\/dsrmedios.com.ar\/diario\/wp-content\/uploads\/2017\/11\/senadores-provinciales.jpg","jetpack_sharing_enabled":true,"jetpack_shortlink":"https:\/\/wp.me\/p9fihK-ID","_links":{"self":[{"href":"http:\/\/dsrmedios.com.ar\/diario\/wp-json\/wp\/v2\/posts\/2767"}],"collection":[{"href":"http:\/\/dsrmedios.com.ar\/diario\/wp-json\/wp\/v2\/posts"}],"about":[{"href":"http:\/\/dsrmedios.com.ar\/diario\/wp-json\/wp\/v2\/types\/post"}],"author":[{"embeddable":true,"href":"http:\/\/dsrmedios.com.ar\/diario\/wp-json\/wp\/v2\/users\/5"}],"replies":[{"embeddable":true,"href":"http:\/\/dsrmedios.com.ar\/diario\/wp-json\/wp\/v2\/comments?post=2767"}],"version-history":[{"count":1,"href":"http:\/\/dsrmedios.com.ar\/diario\/wp-json\/wp\/v2\/posts\/2767\/revisions"}],"predecessor-version":[{"id":2769,"href":"http:\/\/dsrmedios.com.ar\/diario\/wp-json\/wp\/v2\/posts\/2767\/revisions\/2769"}],"wp:featuredmedia":[{"embeddable":true,"href":"http:\/\/dsrmedios.com.ar\/diario\/wp-json\/wp\/v2\/media\/2768"}],"wp:attachment":[{"href":"http:\/\/dsrmedios.com.ar\/diario\/wp-json\/wp\/v2\/media?parent=2767"}],"wp:term":[{"taxonomy":"category","embeddable":true,"href":"http:\/\/dsrmedios.com.ar\/diario\/wp-json\/wp\/v2\/categories?post=2767"},{"taxonomy":"post_tag","embeddable":true,"href":"http:\/\/dsrmedios.com.ar\/diario\/wp-json\/wp\/v2\/tags?post=2767"}],"curies":[{"name":"wp","href":"https:\/\/api.w.org\/{rel}","templated":true}]}}