{"id":2737,"date":"2017-11-28T08:19:37","date_gmt":"2017-11-28T11:19:37","guid":{"rendered":"http:\/\/dsrmedios.com.ar\/diario\/?p=2737"},"modified":"2017-11-28T08:19:37","modified_gmt":"2017-11-28T11:19:37","slug":"convocaran-a-negociaciones-paritarias-con-gremios-docentes-para-este-jueves","status":"publish","type":"post","link":"http:\/\/dsrmedios.com.ar\/diario\/archivos\/2737","title":{"rendered":"Convocar\u00e1n a negociaciones paritarias con gremios docentes para este jueves"},"content":{"rendered":"<p>El gobierno provincial cit\u00f3 a los gremios docentes para dar inicio a las paritarias que permitan definir los aumentos salariales del a\u00f1o pr\u00f3ximo. La convocatoria es para el jueves a las 15 y ser\u00e1 la primera Mesa T\u00e9cnica Salarial.<\/p>\n<p>Como viene anunciando el Ejecutivo, el objetivo es cerrar las discusiones salariales antes de fin de a\u00f1o, por lo que concret\u00f3 este primer llamado con el sector que m\u00e1s complicaciones le trae aparejado un posible conflicto.<\/p>\n<p>La convocatoria est\u00e1 pautada para el jueves a las 15 horas, donde funcionarios del gobierno de Mar\u00eda Eugenia Vidal y representantes gremiales se sentar\u00e1n por primera vez para discutir las pautas salariales del 2018.<\/p>\n<p>fuente:www.aninoticias.com.ar<\/p>\n","protected":false},"excerpt":{"rendered":"<div class=\"mh-excerpt\"><p>El gobierno provincial cit\u00f3 a los gremios docentes para dar inicio a las paritarias que permitan definir los aumentos salariales del a\u00f1o pr\u00f3ximo. La convocatoria es para el jueves a las 15 y ser\u00e1 la primera Mesa T\u00e9cnica Salarial. Como viene anunciando el Ejecutivo, el objetivo es cerrar las discusiones salariales antes de fin de a\u00f1o, por lo que concret\u00f3 este primer llamado con el sector que m\u00e1s complicaciones le trae aparejado un posible conflicto. La convocatoria est\u00e1 pautada para el jueves a las 15 horas, donde funcionarios del gobierno de Mar\u00eda Eugenia Vidal y representantes gremiales se sentar\u00e1n por <a class=\"mh-excerpt-more\" href=\"http:\/\/dsrmedios.com.ar\/diario\/archivos\/2737\" title=\"Convocar\u00e1n a negociaciones paritarias con gremios docentes para este jueves\">[Leer m\u00e1s]<\/a><\/p>\n<\/div>","protected":false},"author":5,"featured_media":2738,"comment_status":"open","ping_status":"closed","sticky":false,"template":"","format":"standard","meta":{"_jetpack_newsletter_access":""},"categories":[18,7],"tags":[],"jetpack_featured_media_url":"http:\/\/dsrmedios.com.ar\/diario\/wp-content\/uploads\/2017\/11\/paritaria-docente.jpg","jetpack_sharing_enabled":true,"jetpack_shortlink":"https:\/\/wp.me\/p9fihK-I9","_links":{"self":[{"href":"http:\/\/dsrmedios.com.ar\/diario\/wp-json\/wp\/v2\/posts\/2737"}],"collection":[{"href":"http:\/\/dsrmedios.com.ar\/diario\/wp-json\/wp\/v2\/posts"}],"about":[{"href":"http:\/\/dsrmedios.com.ar\/diario\/wp-json\/wp\/v2\/types\/post"}],"author":[{"embeddable":true,"href":"http:\/\/dsrmedios.com.ar\/diario\/wp-json\/wp\/v2\/users\/5"}],"replies":[{"embeddable":true,"href":"http:\/\/dsrmedios.com.ar\/diario\/wp-json\/wp\/v2\/comments?post=2737"}],"version-history":[{"count":2,"href":"http:\/\/dsrmedios.com.ar\/diario\/wp-json\/wp\/v2\/posts\/2737\/revisions"}],"predecessor-version":[{"id":2740,"href":"http:\/\/dsrmedios.com.ar\/diario\/wp-json\/wp\/v2\/posts\/2737\/revisions\/2740"}],"wp:featuredmedia":[{"embeddable":true,"href":"http:\/\/dsrmedios.com.ar\/diario\/wp-json\/wp\/v2\/media\/2738"}],"wp:attachment":[{"href":"http:\/\/dsrmedios.com.ar\/diario\/wp-json\/wp\/v2\/media?parent=2737"}],"wp:term":[{"taxonomy":"category","embeddable":true,"href":"http:\/\/dsrmedios.com.ar\/diario\/wp-json\/wp\/v2\/categories?post=2737"},{"taxonomy":"post_tag","embeddable":true,"href":"http:\/\/dsrmedios.com.ar\/diario\/wp-json\/wp\/v2\/tags?post=2737"}],"curies":[{"name":"wp","href":"https:\/\/api.w.org\/{rel}","templated":true}]}}