{"id":2697,"date":"2017-11-27T08:24:38","date_gmt":"2017-11-27T11:24:38","guid":{"rendered":"http:\/\/dsrmedios.com.ar\/diario\/?p=2697"},"modified":"2017-11-27T08:24:38","modified_gmt":"2017-11-27T11:24:38","slug":"realizaran-el-lanzamiento-de-la-temporada-turistica-2018-en-la-ciudad-autonoma-de-buenos-aires","status":"publish","type":"post","link":"http:\/\/dsrmedios.com.ar\/diario\/archivos\/2697","title":{"rendered":"Realizar\u00e1n el lanzamiento de la temporada tur\u00edstica 2018 en la Ciudad Aut\u00f3noma de Buenos Aires"},"content":{"rendered":"<p>Tenemos el agrado de invitarlo a la conferencia de prensa de Lanzamiento de temporada 2018 y presentaci\u00f3n de destino Termas de Carhu\u00e9 Lago Epecu\u00e9n.<br \/>\nEl Intendente David Hirtz encabezar\u00e1 la presentaci\u00f3n que se realizar\u00e1 el pr\u00f3ximo 29 de noviembre a las 12hs en el auditorio &#8220;Antonio Torrej\u00f3n&#8221; de la Secretaria de Turismo de la Naci\u00f3n sita en Suipacha 111, Ciudad Aut\u00f3noma de Buenos Aires.<br \/>\nSe compartir\u00e1 informaci\u00f3n de Carhu\u00e9 como destino tur\u00edstico y las actividades previstas para el verano, exposici\u00f3n y breves presentaciones de los protagonistas.<br \/>\nLos organizadores de la carrera Vuelta al Lago Epecu\u00e9n brindar\u00e1n detalles de este evento in\u00e9dito que invita a correr m\u00e1s all\u00e1 del tiempo el pr\u00f3ximo 9 de diciembre.<\/p>\n","protected":false},"excerpt":{"rendered":"<div class=\"mh-excerpt\"><p>Tenemos el agrado de invitarlo a la conferencia de prensa de Lanzamiento de temporada 2018 y presentaci\u00f3n de destino Termas de Carhu\u00e9 Lago Epecu\u00e9n. El Intendente David Hirtz encabezar\u00e1 la presentaci\u00f3n que se realizar\u00e1 el pr\u00f3ximo 29 de noviembre a las 12hs en el auditorio &#8220;Antonio Torrej\u00f3n&#8221; de la Secretaria de Turismo de la Naci\u00f3n sita en Suipacha 111, Ciudad Aut\u00f3noma de Buenos Aires. Se compartir\u00e1 informaci\u00f3n de Carhu\u00e9 como destino tur\u00edstico y las actividades previstas para el verano, exposici\u00f3n y breves presentaciones de los protagonistas. Los organizadores de la carrera Vuelta al Lago Epecu\u00e9n brindar\u00e1n detalles de este evento <a class=\"mh-excerpt-more\" href=\"http:\/\/dsrmedios.com.ar\/diario\/archivos\/2697\" title=\"Realizar\u00e1n el lanzamiento de la temporada tur\u00edstica 2018 en la Ciudad Aut\u00f3noma de Buenos Aires\">[Leer m\u00e1s]<\/a><\/p>\n<\/div>","protected":false},"author":5,"featured_media":2698,"comment_status":"open","ping_status":"closed","sticky":false,"template":"","format":"standard","meta":{"_jetpack_newsletter_access":""},"categories":[18,5],"tags":[],"jetpack_featured_media_url":"http:\/\/dsrmedios.com.ar\/diario\/wp-content\/uploads\/2017\/11\/lanzamiento.jpg","jetpack_sharing_enabled":true,"jetpack_shortlink":"https:\/\/wp.me\/p9fihK-Hv","_links":{"self":[{"href":"http:\/\/dsrmedios.com.ar\/diario\/wp-json\/wp\/v2\/posts\/2697"}],"collection":[{"href":"http:\/\/dsrmedios.com.ar\/diario\/wp-json\/wp\/v2\/posts"}],"about":[{"href":"http:\/\/dsrmedios.com.ar\/diario\/wp-json\/wp\/v2\/types\/post"}],"author":[{"embeddable":true,"href":"http:\/\/dsrmedios.com.ar\/diario\/wp-json\/wp\/v2\/users\/5"}],"replies":[{"embeddable":true,"href":"http:\/\/dsrmedios.com.ar\/diario\/wp-json\/wp\/v2\/comments?post=2697"}],"version-history":[{"count":1,"href":"http:\/\/dsrmedios.com.ar\/diario\/wp-json\/wp\/v2\/posts\/2697\/revisions"}],"predecessor-version":[{"id":2699,"href":"http:\/\/dsrmedios.com.ar\/diario\/wp-json\/wp\/v2\/posts\/2697\/revisions\/2699"}],"wp:featuredmedia":[{"embeddable":true,"href":"http:\/\/dsrmedios.com.ar\/diario\/wp-json\/wp\/v2\/media\/2698"}],"wp:attachment":[{"href":"http:\/\/dsrmedios.com.ar\/diario\/wp-json\/wp\/v2\/media?parent=2697"}],"wp:term":[{"taxonomy":"category","embeddable":true,"href":"http:\/\/dsrmedios.com.ar\/diario\/wp-json\/wp\/v2\/categories?post=2697"},{"taxonomy":"post_tag","embeddable":true,"href":"http:\/\/dsrmedios.com.ar\/diario\/wp-json\/wp\/v2\/tags?post=2697"}],"curies":[{"name":"wp","href":"https:\/\/api.w.org\/{rel}","templated":true}]}}