{"id":2694,"date":"2017-11-27T08:18:09","date_gmt":"2017-11-27T11:18:09","guid":{"rendered":"http:\/\/dsrmedios.com.ar\/diario\/?p=2694"},"modified":"2017-11-27T08:31:08","modified_gmt":"2017-11-27T11:31:08","slug":"la-universidad-del-sudoeste-celebro-diecisiete-anos-de-labor-educativa-en-la-region","status":"publish","type":"post","link":"http:\/\/dsrmedios.com.ar\/diario\/archivos\/2694","title":{"rendered":"La Universidad del Sudoeste celebr\u00f3 diecisiete a\u00f1os de labor educativa en la regi\u00f3n"},"content":{"rendered":"<p>Con la presencia de autoridades educativas, docentes y representantes de todos los municipios donde est\u00e1 presente, la Universidad Provincial del Sudoeste realiz\u00f3 ayer una jornada recreativa en la que se celebraron los 17 a\u00f1os de la creaci\u00f3n de la UPSO y los 20 a\u00f1os de la puesta en funcionamiento del Programa de Estudios Universitarios en la Zona (Peuzo).<\/p>\n<p>El evento tambi\u00e9n cont\u00f3 con la participaci\u00f3n del fil\u00f3sofo y especialista en comunicaci\u00f3n Alejandro Piscitelli, quien dio una charla a los presentes y tambi\u00e9n destac\u00f3 el trabajo que se est\u00e1 llevando a cabo desde la casa de altos estudios.<\/p>\n<p>\u201cEs una sorpresa, tanto por la distribuci\u00f3n geogr\u00e1fica de las sedes y por el tipo de carreras que se dictan. No hay curr\u00edculas tradicionales; las que hay est\u00e1n orientadas a solucionar problemas locales en cada una de las localidades\u201d, destac\u00f3 el licenciado, quien tambi\u00e9n remarc\u00f3 el sistema de estudios, que busca que la gente no abandone su medio para irse a estudiar, sino quedarse en su poblaci\u00f3n de origen.<\/p>\n<p>Por su parte, el rector Hern\u00e1n Vigier se\u00f1al\u00f3 la importancia de poder llevar a cabo la jornada en la nueva sede administrativa de la instituci\u00f3n en Bah\u00eda Blanca, en el campus de la UNS.<\/p>\n<p>\u201cEst\u00e1n representadas todas las sedes en la delegaci\u00f3n bahiense. Hemos planteado una actividad relacional y de esparcimiento, adem\u00e1 de hacer un reconocimiento de trayectorias a aquellas personas que hace 15 a\u00f1os que est\u00e1n trabajando con nosotros\u201d, dijo.<\/p>\n<p>fuente:www.lanueva.com.ar<\/p>\n","protected":false},"excerpt":{"rendered":"<div class=\"mh-excerpt\"><p>Con la presencia de autoridades educativas, docentes y representantes de todos los municipios donde est\u00e1 presente, la Universidad Provincial del Sudoeste realiz\u00f3 ayer una jornada recreativa en la que se celebraron los 17 a\u00f1os de la creaci\u00f3n de la UPSO y los 20 a\u00f1os de la puesta en funcionamiento del Programa de Estudios Universitarios en la Zona (Peuzo). El evento tambi\u00e9n cont\u00f3 con la participaci\u00f3n del fil\u00f3sofo y especialista en comunicaci\u00f3n Alejandro Piscitelli, quien dio una charla a los presentes y tambi\u00e9n destac\u00f3 el trabajo que se est\u00e1 llevando a cabo desde la casa de altos estudios. \u201cEs una sorpresa, <a class=\"mh-excerpt-more\" href=\"http:\/\/dsrmedios.com.ar\/diario\/archivos\/2694\" title=\"La Universidad del Sudoeste celebr\u00f3 diecisiete a\u00f1os de labor educativa en la regi\u00f3n\">[Leer m\u00e1s]<\/a><\/p>\n<\/div>","protected":false},"author":5,"featured_media":2695,"comment_status":"open","ping_status":"closed","sticky":false,"template":"","format":"standard","meta":{"_jetpack_newsletter_access":""},"categories":[18],"tags":[],"jetpack_featured_media_url":"http:\/\/dsrmedios.com.ar\/diario\/wp-content\/uploads\/2017\/11\/upso-cumple.jpg","jetpack_sharing_enabled":true,"jetpack_shortlink":"https:\/\/wp.me\/p9fihK-Hs","_links":{"self":[{"href":"http:\/\/dsrmedios.com.ar\/diario\/wp-json\/wp\/v2\/posts\/2694"}],"collection":[{"href":"http:\/\/dsrmedios.com.ar\/diario\/wp-json\/wp\/v2\/posts"}],"about":[{"href":"http:\/\/dsrmedios.com.ar\/diario\/wp-json\/wp\/v2\/types\/post"}],"author":[{"embeddable":true,"href":"http:\/\/dsrmedios.com.ar\/diario\/wp-json\/wp\/v2\/users\/5"}],"replies":[{"embeddable":true,"href":"http:\/\/dsrmedios.com.ar\/diario\/wp-json\/wp\/v2\/comments?post=2694"}],"version-history":[{"count":1,"href":"http:\/\/dsrmedios.com.ar\/diario\/wp-json\/wp\/v2\/posts\/2694\/revisions"}],"predecessor-version":[{"id":2696,"href":"http:\/\/dsrmedios.com.ar\/diario\/wp-json\/wp\/v2\/posts\/2694\/revisions\/2696"}],"wp:featuredmedia":[{"embeddable":true,"href":"http:\/\/dsrmedios.com.ar\/diario\/wp-json\/wp\/v2\/media\/2695"}],"wp:attachment":[{"href":"http:\/\/dsrmedios.com.ar\/diario\/wp-json\/wp\/v2\/media?parent=2694"}],"wp:term":[{"taxonomy":"category","embeddable":true,"href":"http:\/\/dsrmedios.com.ar\/diario\/wp-json\/wp\/v2\/categories?post=2694"},{"taxonomy":"post_tag","embeddable":true,"href":"http:\/\/dsrmedios.com.ar\/diario\/wp-json\/wp\/v2\/tags?post=2694"}],"curies":[{"name":"wp","href":"https:\/\/api.w.org\/{rel}","templated":true}]}}