{"id":2680,"date":"2017-11-23T08:43:32","date_gmt":"2017-11-23T11:43:32","guid":{"rendered":"http:\/\/dsrmedios.com.ar\/diario\/?p=2680"},"modified":"2017-11-23T08:43:32","modified_gmt":"2017-11-23T11:43:32","slug":"en-coronel-suarez-los-trabajadores-municipales-comenzaron-un-paro-de-48-horas","status":"publish","type":"post","link":"http:\/\/dsrmedios.com.ar\/diario\/archivos\/2680","title":{"rendered":"En Coronel Su\u00e1rez los trabajadores municipales comenzaron un paro de 48 horas"},"content":{"rendered":"<p>A partir de la medianoche, los trabajadores municipales de Coronel Su\u00e1rez realizar\u00e1n un paro activo por 48 horas en reclamo de mejoras salariales.La decisi\u00f3n fue tomada hoy, durante una manifestaci\u00f3n de la que participaron integrantes de los diversos sectores que integran el municipio suarense, adem\u00e1s de trabajadores de las comunas de la zona y el secretario de Organizaci\u00f3n de la Fesimubo,V\u00edctor Gonz\u00e1lez, quien lleg\u00f3 el representaci\u00f3n de Rub\u00e9n Garc\u00eda, secretario general de la entidad.<\/p>\n<p>fuente:www.lanueva.com.ar<\/p>\n","protected":false},"excerpt":{"rendered":"<div class=\"mh-excerpt\"><p>A partir de la medianoche, los trabajadores municipales de Coronel Su\u00e1rez realizar\u00e1n un paro activo por 48 horas en reclamo de mejoras salariales.La decisi\u00f3n fue tomada hoy, durante una manifestaci\u00f3n de la que participaron integrantes de los diversos sectores que integran el municipio suarense, adem\u00e1s de trabajadores de las comunas de la zona y el secretario de Organizaci\u00f3n de la Fesimubo,V\u00edctor Gonz\u00e1lez, quien lleg\u00f3 el representaci\u00f3n de Rub\u00e9n Garc\u00eda, secretario general de la entidad. fuente:www.lanueva.com.ar<\/p>\n<\/div>","protected":false},"author":5,"featured_media":2681,"comment_status":"open","ping_status":"closed","sticky":false,"template":"","format":"standard","meta":{"_jetpack_newsletter_access":""},"categories":[8],"tags":[],"jetpack_featured_media_url":"http:\/\/dsrmedios.com.ar\/diario\/wp-content\/uploads\/2017\/11\/suarezparo.jpg","jetpack_sharing_enabled":true,"jetpack_shortlink":"https:\/\/wp.me\/p9fihK-He","_links":{"self":[{"href":"http:\/\/dsrmedios.com.ar\/diario\/wp-json\/wp\/v2\/posts\/2680"}],"collection":[{"href":"http:\/\/dsrmedios.com.ar\/diario\/wp-json\/wp\/v2\/posts"}],"about":[{"href":"http:\/\/dsrmedios.com.ar\/diario\/wp-json\/wp\/v2\/types\/post"}],"author":[{"embeddable":true,"href":"http:\/\/dsrmedios.com.ar\/diario\/wp-json\/wp\/v2\/users\/5"}],"replies":[{"embeddable":true,"href":"http:\/\/dsrmedios.com.ar\/diario\/wp-json\/wp\/v2\/comments?post=2680"}],"version-history":[{"count":1,"href":"http:\/\/dsrmedios.com.ar\/diario\/wp-json\/wp\/v2\/posts\/2680\/revisions"}],"predecessor-version":[{"id":2682,"href":"http:\/\/dsrmedios.com.ar\/diario\/wp-json\/wp\/v2\/posts\/2680\/revisions\/2682"}],"wp:featuredmedia":[{"embeddable":true,"href":"http:\/\/dsrmedios.com.ar\/diario\/wp-json\/wp\/v2\/media\/2681"}],"wp:attachment":[{"href":"http:\/\/dsrmedios.com.ar\/diario\/wp-json\/wp\/v2\/media?parent=2680"}],"wp:term":[{"taxonomy":"category","embeddable":true,"href":"http:\/\/dsrmedios.com.ar\/diario\/wp-json\/wp\/v2\/categories?post=2680"},{"taxonomy":"post_tag","embeddable":true,"href":"http:\/\/dsrmedios.com.ar\/diario\/wp-json\/wp\/v2\/tags?post=2680"}],"curies":[{"name":"wp","href":"https:\/\/api.w.org\/{rel}","templated":true}]}}