{"id":2674,"date":"2017-11-23T08:37:19","date_gmt":"2017-11-23T11:37:19","guid":{"rendered":"http:\/\/dsrmedios.com.ar\/diario\/?p=2674"},"modified":"2017-11-23T08:37:19","modified_gmt":"2017-11-23T11:37:19","slug":"la-gobernadora-vidal-dispuso-eliminar-150-puestos-politicos-en-el-gobierno-bonaerense","status":"publish","type":"post","link":"http:\/\/dsrmedios.com.ar\/diario\/archivos\/2674","title":{"rendered":"La Gobernadora Vidal dispuso eliminar 150 puestos pol\u00edticos en el gobierno bonaerense"},"content":{"rendered":"<p>La gobernadora Mar\u00eda Eugenia Vidal defini\u00f3 que ser\u00e1 unos 150 los puestos pol\u00edticos eliminados de la estructura del Ejecutivo, por lo que planea enviar el proyecto de ley para avanzar la semana pr\u00f3xima. Los cargos que ya no existir\u00e1n son de director provincial o mayor jerarqu\u00eda, lo que se conoce como estructura \u201cpol\u00edtica\u201d.<\/p>\n<p>La iniciativa, anunciada por el gobierno junto con el paquete fiscal para el a\u00f1o pr\u00f3ximo, el nuevo achicamiento de la plata pol\u00edtica producir\u00e1 un ahorro que como se inform\u00f3 es de unos 500 millones de pesos al a\u00f1o.<\/p>\n<p>La medida requiere la aprobaci\u00f3n de un proyecto que modifica la ley de ministerios de la provincia, ya que se avanzar\u00e1 en la fusi\u00f3n de algunas estructuras o en la eliminaci\u00f3n de otras, con el objetivo de maximizar su funcionamiento.<\/p>\n<p>fuente:www.aninoticias.com.ar<\/p>\n","protected":false},"excerpt":{"rendered":"<div class=\"mh-excerpt\"><p>La gobernadora Mar\u00eda Eugenia Vidal defini\u00f3 que ser\u00e1 unos 150 los puestos pol\u00edticos eliminados de la estructura del Ejecutivo, por lo que planea enviar el proyecto de ley para avanzar la semana pr\u00f3xima. Los cargos que ya no existir\u00e1n son de director provincial o mayor jerarqu\u00eda, lo que se conoce como estructura \u201cpol\u00edtica\u201d. La iniciativa, anunciada por el gobierno junto con el paquete fiscal para el a\u00f1o pr\u00f3ximo, el nuevo achicamiento de la plata pol\u00edtica producir\u00e1 un ahorro que como se inform\u00f3 es de unos 500 millones de pesos al a\u00f1o. La medida requiere la aprobaci\u00f3n de un proyecto que <a class=\"mh-excerpt-more\" href=\"http:\/\/dsrmedios.com.ar\/diario\/archivos\/2674\" title=\"La Gobernadora Vidal dispuso eliminar 150 puestos pol\u00edticos en el gobierno bonaerense\">[Leer m\u00e1s]<\/a><\/p>\n<\/div>","protected":false},"author":5,"featured_media":2675,"comment_status":"open","ping_status":"closed","sticky":false,"template":"","format":"standard","meta":{"_jetpack_newsletter_access":""},"categories":[18,7],"tags":[],"jetpack_featured_media_url":"http:\/\/dsrmedios.com.ar\/diario\/wp-content\/uploads\/2017\/11\/gobernacion_9.jpg","jetpack_sharing_enabled":true,"jetpack_shortlink":"https:\/\/wp.me\/p9fihK-H8","_links":{"self":[{"href":"http:\/\/dsrmedios.com.ar\/diario\/wp-json\/wp\/v2\/posts\/2674"}],"collection":[{"href":"http:\/\/dsrmedios.com.ar\/diario\/wp-json\/wp\/v2\/posts"}],"about":[{"href":"http:\/\/dsrmedios.com.ar\/diario\/wp-json\/wp\/v2\/types\/post"}],"author":[{"embeddable":true,"href":"http:\/\/dsrmedios.com.ar\/diario\/wp-json\/wp\/v2\/users\/5"}],"replies":[{"embeddable":true,"href":"http:\/\/dsrmedios.com.ar\/diario\/wp-json\/wp\/v2\/comments?post=2674"}],"version-history":[{"count":1,"href":"http:\/\/dsrmedios.com.ar\/diario\/wp-json\/wp\/v2\/posts\/2674\/revisions"}],"predecessor-version":[{"id":2676,"href":"http:\/\/dsrmedios.com.ar\/diario\/wp-json\/wp\/v2\/posts\/2674\/revisions\/2676"}],"wp:featuredmedia":[{"embeddable":true,"href":"http:\/\/dsrmedios.com.ar\/diario\/wp-json\/wp\/v2\/media\/2675"}],"wp:attachment":[{"href":"http:\/\/dsrmedios.com.ar\/diario\/wp-json\/wp\/v2\/media?parent=2674"}],"wp:term":[{"taxonomy":"category","embeddable":true,"href":"http:\/\/dsrmedios.com.ar\/diario\/wp-json\/wp\/v2\/categories?post=2674"},{"taxonomy":"post_tag","embeddable":true,"href":"http:\/\/dsrmedios.com.ar\/diario\/wp-json\/wp\/v2\/tags?post=2674"}],"curies":[{"name":"wp","href":"https:\/\/api.w.org\/{rel}","templated":true}]}}