{"id":2651,"date":"2017-11-22T09:26:03","date_gmt":"2017-11-22T12:26:03","guid":{"rendered":"http:\/\/dsrmedios.com.ar\/diario\/?p=2651"},"modified":"2017-11-23T09:29:32","modified_gmt":"2017-11-23T12:29:32","slug":"se-viven-momentos-de-angustia-y-celeridad-en-la-busqueda-del-ara-san-juan","status":"publish","type":"post","link":"http:\/\/dsrmedios.com.ar\/diario\/archivos\/2651","title":{"rendered":"Se viven momentos de angustia y celeridad en la b\u00fasqueda del ARA San Juan"},"content":{"rendered":"<p>La b\u00fasqueda del submarino ARA San Juan, desaparecido en el Atl\u00e1ntico sur, ingres\u00f3 en una fase cr\u00edtica debido a que, en caso de que no haya podido emerger o utilizar el snorkel desde la semana pasada (se cumplen hoy 7 d\u00edas de la \u00faltima comunicaci\u00f3n), la tripulaci\u00f3n integrada por 44 personas estar\u00eda por enfrentar limitaciones en el suministro de ox\u00edgeno, dijo la Armada Argentina a trav\u00e9s de su jefe de prensa, el capit\u00e1n de nav\u00edo Enrique Balbi.<\/p>\n<p>&#8220;Nos preocupa que no lo podamos detectar a\u00fan (\u2026) estamos considerando todas las posibilidades y obviamente la situaci\u00f3n m\u00e1s cr\u00edtica que ser\u00eda esa, estamos en el sexto d\u00eda de ox\u00edgeno, obviamente que es preocupante&#8221; , dijo anoche Balbi a periodistas, y agreg\u00f3: &#8220;Nuestra preocupaci\u00f3n va en aumento&#8221;.<\/p>\n<p>En tanto, crece la inquietud y el temor entre familiares de los tripulantes, algunos de los cuales sufrieron descompensaciones en Mar del Plata, donde se encuentran asistidos por psic\u00f3logos, psiquiatras y m\u00e9dicos cl\u00ednicos.<\/p>\n<p>fuente:www.infobae.com.ar<\/p>\n","protected":false},"excerpt":{"rendered":"<div class=\"mh-excerpt\"><p>La b\u00fasqueda del submarino ARA San Juan, desaparecido en el Atl\u00e1ntico sur, ingres\u00f3 en una fase cr\u00edtica debido a que, en caso de que no haya podido emerger o utilizar el snorkel desde la semana pasada (se cumplen hoy 7 d\u00edas de la \u00faltima comunicaci\u00f3n), la tripulaci\u00f3n integrada por 44 personas estar\u00eda por enfrentar limitaciones en el suministro de ox\u00edgeno, dijo la Armada Argentina a trav\u00e9s de su jefe de prensa, el capit\u00e1n de nav\u00edo Enrique Balbi. &#8220;Nos preocupa que no lo podamos detectar a\u00fan (\u2026) estamos considerando todas las posibilidades y obviamente la situaci\u00f3n m\u00e1s cr\u00edtica que ser\u00eda esa, <a class=\"mh-excerpt-more\" href=\"http:\/\/dsrmedios.com.ar\/diario\/archivos\/2651\" title=\"Se viven momentos de angustia y celeridad en la b\u00fasqueda del ARA San Juan\">[Leer m\u00e1s]<\/a><\/p>\n<\/div>","protected":false},"author":5,"featured_media":2652,"comment_status":"open","ping_status":"closed","sticky":false,"template":"","format":"standard","meta":{"_jetpack_newsletter_access":""},"categories":[1],"tags":[],"jetpack_featured_media_url":"http:\/\/dsrmedios.com.ar\/diario\/wp-content\/uploads\/2017\/11\/Busqueda-submarino-ARA-San-Juan.jpg","jetpack_sharing_enabled":true,"jetpack_shortlink":"https:\/\/wp.me\/p9fihK-GL","_links":{"self":[{"href":"http:\/\/dsrmedios.com.ar\/diario\/wp-json\/wp\/v2\/posts\/2651"}],"collection":[{"href":"http:\/\/dsrmedios.com.ar\/diario\/wp-json\/wp\/v2\/posts"}],"about":[{"href":"http:\/\/dsrmedios.com.ar\/diario\/wp-json\/wp\/v2\/types\/post"}],"author":[{"embeddable":true,"href":"http:\/\/dsrmedios.com.ar\/diario\/wp-json\/wp\/v2\/users\/5"}],"replies":[{"embeddable":true,"href":"http:\/\/dsrmedios.com.ar\/diario\/wp-json\/wp\/v2\/comments?post=2651"}],"version-history":[{"count":1,"href":"http:\/\/dsrmedios.com.ar\/diario\/wp-json\/wp\/v2\/posts\/2651\/revisions"}],"predecessor-version":[{"id":2653,"href":"http:\/\/dsrmedios.com.ar\/diario\/wp-json\/wp\/v2\/posts\/2651\/revisions\/2653"}],"wp:featuredmedia":[{"embeddable":true,"href":"http:\/\/dsrmedios.com.ar\/diario\/wp-json\/wp\/v2\/media\/2652"}],"wp:attachment":[{"href":"http:\/\/dsrmedios.com.ar\/diario\/wp-json\/wp\/v2\/media?parent=2651"}],"wp:term":[{"taxonomy":"category","embeddable":true,"href":"http:\/\/dsrmedios.com.ar\/diario\/wp-json\/wp\/v2\/categories?post=2651"},{"taxonomy":"post_tag","embeddable":true,"href":"http:\/\/dsrmedios.com.ar\/diario\/wp-json\/wp\/v2\/tags?post=2651"}],"curies":[{"name":"wp","href":"https:\/\/api.w.org\/{rel}","templated":true}]}}