{"id":2596,"date":"2017-11-21T07:41:52","date_gmt":"2017-11-21T10:41:52","guid":{"rendered":"http:\/\/dsrmedios.com.ar\/diario\/?p=2596"},"modified":"2017-11-21T07:41:52","modified_gmt":"2017-11-21T10:41:52","slug":"se-celebro-el-centenario-de-la-escuela-n-41-rio-negro-de-la-localidad-de-rivera","status":"publish","type":"post","link":"http:\/\/dsrmedios.com.ar\/diario\/archivos\/2596","title":{"rendered":"Se celebr\u00f3 el Centenario de la Escuela N\u00b0 41 &#8220;R\u00edo Negro&#8221; de la localidad de Rivera"},"content":{"rendered":"<p>El Intendente Municipal particip\u00f3 del festejo por los 100 a\u00f1os de la Escuela N\u00b0 41 &#8220;R\u00edo Negro&#8221; de la localidad de Rivera. Lo hizo\u00a0junto al Delegado, el Inspector Regional, Concejales, Consejeros escolares,la Inspectora Distrital de Ense\u00f1anza, Directivos de la Escuela 41, docentes, ex docentes, alumnos, ex alumnos y allegados a la instituci\u00f3n.<br \/>\nInicialmente se procedi\u00f3 a descubrir las placas conmemorativas en homenaje a todos los alumnos, docentes y directivos: los actuales y los que llenaron sus aulas<span class=\"text_exposed_show\">\u00a0durante este siglo.<br \/>\nTambi\u00e9n se realiz\u00f3 un reconocimiento a ex docentes, ex alumnos, cooperadores vitalicios y compartimos sentidas palabras de quienes fueron forjadores del crecimiento de la escuela.<br \/>\nLa calle 9 de Julio se visti\u00f3 de fiesta con los abanderados de las instituciones, el Ejercito Argentino de Pig\u00fc\u00e9 con la Banda Cura Malal, el grupo de alumnos y amigos de la instituci\u00f3n que bailaron una chacarera y el Peric\u00f3n Nacional y los alumnos que con mucho orgullo cantaron el Himno a la Escuela.<\/span><\/p>\n<p><a href=\"http:\/\/dsrmedios.com.ar\/diario\/wp-content\/uploads\/2017\/11\/esc411.jpg\"><img decoding=\"async\" loading=\"lazy\" class=\"aligncenter size-full wp-image-2598\" src=\"http:\/\/dsrmedios.com.ar\/diario\/wp-content\/uploads\/2017\/11\/esc411.jpg\" alt=\"\" width=\"960\" height=\"540\" srcset=\"http:\/\/dsrmedios.com.ar\/diario\/wp-content\/uploads\/2017\/11\/esc411.jpg 960w, http:\/\/dsrmedios.com.ar\/diario\/wp-content\/uploads\/2017\/11\/esc411-300x169.jpg 300w, http:\/\/dsrmedios.com.ar\/diario\/wp-content\/uploads\/2017\/11\/esc411-768x432.jpg 768w, http:\/\/dsrmedios.com.ar\/diario\/wp-content\/uploads\/2017\/11\/esc411-678x381.jpg 678w\" sizes=\"(max-width: 960px) 100vw, 960px\" \/><\/a> <a href=\"http:\/\/dsrmedios.com.ar\/diario\/wp-content\/uploads\/2017\/11\/esc412.jpg\"><img decoding=\"async\" loading=\"lazy\" class=\"aligncenter size-full wp-image-2599\" src=\"http:\/\/dsrmedios.com.ar\/diario\/wp-content\/uploads\/2017\/11\/esc412.jpg\" alt=\"\" width=\"960\" height=\"540\" srcset=\"http:\/\/dsrmedios.com.ar\/diario\/wp-content\/uploads\/2017\/11\/esc412.jpg 960w, http:\/\/dsrmedios.com.ar\/diario\/wp-content\/uploads\/2017\/11\/esc412-300x169.jpg 300w, http:\/\/dsrmedios.com.ar\/diario\/wp-content\/uploads\/2017\/11\/esc412-768x432.jpg 768w, http:\/\/dsrmedios.com.ar\/diario\/wp-content\/uploads\/2017\/11\/esc412-678x381.jpg 678w\" sizes=\"(max-width: 960px) 100vw, 960px\" \/><\/a><\/p>\n","protected":false},"excerpt":{"rendered":"<div class=\"mh-excerpt\"><p>El Intendente Municipal particip\u00f3 del festejo por los 100 a\u00f1os de la Escuela N\u00b0 41 &#8220;R\u00edo Negro&#8221; de la localidad de Rivera. Lo hizo\u00a0junto al Delegado, el Inspector Regional, Concejales, Consejeros escolares,la Inspectora Distrital de Ense\u00f1anza, Directivos de la Escuela 41, docentes, ex docentes, alumnos, ex alumnos y allegados a la instituci\u00f3n. Inicialmente se procedi\u00f3 a descubrir las placas conmemorativas en homenaje a todos los alumnos, docentes y directivos: los actuales y los que llenaron sus aulas\u00a0durante este siglo. Tambi\u00e9n se realiz\u00f3 un reconocimiento a ex docentes, ex alumnos, cooperadores vitalicios y compartimos sentidas palabras de quienes fueron forjadores del <a class=\"mh-excerpt-more\" href=\"http:\/\/dsrmedios.com.ar\/diario\/archivos\/2596\" title=\"Se celebr\u00f3 el Centenario de la Escuela N\u00b0 41 &#8220;R\u00edo Negro&#8221; de la localidad de Rivera\">[Leer m\u00e1s]<\/a><\/p>\n<\/div>","protected":false},"author":5,"featured_media":2597,"comment_status":"open","ping_status":"closed","sticky":false,"template":"","format":"standard","meta":{"_jetpack_newsletter_access":""},"categories":[2,18],"tags":[],"jetpack_featured_media_url":"http:\/\/dsrmedios.com.ar\/diario\/wp-content\/uploads\/2017\/11\/esc414.jpg","jetpack_sharing_enabled":true,"jetpack_shortlink":"https:\/\/wp.me\/p9fihK-FS","_links":{"self":[{"href":"http:\/\/dsrmedios.com.ar\/diario\/wp-json\/wp\/v2\/posts\/2596"}],"collection":[{"href":"http:\/\/dsrmedios.com.ar\/diario\/wp-json\/wp\/v2\/posts"}],"about":[{"href":"http:\/\/dsrmedios.com.ar\/diario\/wp-json\/wp\/v2\/types\/post"}],"author":[{"embeddable":true,"href":"http:\/\/dsrmedios.com.ar\/diario\/wp-json\/wp\/v2\/users\/5"}],"replies":[{"embeddable":true,"href":"http:\/\/dsrmedios.com.ar\/diario\/wp-json\/wp\/v2\/comments?post=2596"}],"version-history":[{"count":1,"href":"http:\/\/dsrmedios.com.ar\/diario\/wp-json\/wp\/v2\/posts\/2596\/revisions"}],"predecessor-version":[{"id":2612,"href":"http:\/\/dsrmedios.com.ar\/diario\/wp-json\/wp\/v2\/posts\/2596\/revisions\/2612"}],"wp:featuredmedia":[{"embeddable":true,"href":"http:\/\/dsrmedios.com.ar\/diario\/wp-json\/wp\/v2\/media\/2597"}],"wp:attachment":[{"href":"http:\/\/dsrmedios.com.ar\/diario\/wp-json\/wp\/v2\/media?parent=2596"}],"wp:term":[{"taxonomy":"category","embeddable":true,"href":"http:\/\/dsrmedios.com.ar\/diario\/wp-json\/wp\/v2\/categories?post=2596"},{"taxonomy":"post_tag","embeddable":true,"href":"http:\/\/dsrmedios.com.ar\/diario\/wp-json\/wp\/v2\/tags?post=2596"}],"curies":[{"name":"wp","href":"https:\/\/api.w.org\/{rel}","templated":true}]}}