{"id":2594,"date":"2017-11-21T07:42:23","date_gmt":"2017-11-21T10:42:23","guid":{"rendered":"http:\/\/dsrmedios.com.ar\/diario\/?p=2594"},"modified":"2017-11-21T07:46:54","modified_gmt":"2017-11-21T10:46:54","slug":"productores-del-sudoeste-nuevamente-reclama-por-la-quita-de-beneficios-para-la-region","status":"publish","type":"post","link":"http:\/\/dsrmedios.com.ar\/diario\/archivos\/2594","title":{"rendered":"Productores del Sudoeste nuevamente reclama por la quita de beneficios para la regi\u00f3n"},"content":{"rendered":"<p>El Sudoeste bonaerense, regi\u00f3n caracterizada hist\u00f3ricamente por su aridez, vuelve a estar cruzada por la pol\u00e9mica. Entidades de la zona alertaron sobre la falta de datos de fondos previstos para el 2018, mientras suenan los reclamos por una quita en los beneficios impositivos que prev\u00e9 la Provincia. Los productores trinan.<\/p>\n<p>Mientras la administraci\u00f3n provincial a cargo de Mar\u00eda Eugenia Vidal ratifica su compromiso con la regi\u00f3n, los productores siembren desconfianza y cuestionan, en medio del incremento del Impuesto Inmobiliario Rural y el reval\u00fao programado, la falta de pol\u00edticas centrales, a diez a\u00f1os de la ley 13647 que cre\u00f3 el Plan del Sudoeste.<\/p>\n<p>El disparador de las controversias es una nueva reducci\u00f3n en el descuento que consiguieron hace tiempo en el Impuesto Inmobiliario Rural. A\u00f1o tras a\u00f1o, los productores del Sudoeste ten\u00edan un descuento del 70% en el pago del tributo, fijado en la Ley Impositiva enviada junto al Presupuesto. Todo cambi\u00f3 para 2017. Para este a\u00f1o, la Provincia redujo el descuento al 35%. Y, para 2018, lo prev\u00e9 reducir otro 10%. Es decir que, del 70% que tuvieron en 2016, los propietarios de campos gozar\u00edan para el a\u00f1o entrante de una quita del 25% en el pago.<\/p>\n<p>La Provincia dice que las lluvias en el \u00faltimo tiempo cambiaron en panorama y marcaron una mejora productiva. Datos de la Comisi\u00f3n Provincial de Sanidad Animal (Coprosa) demuestran una recuperaci\u00f3n. Mientras que a nivel provincial hubo una recuperaci\u00f3n del 10% de animales vacunados entre 2011 y 2016, ese porcentaje trepa al 30 o al 46% en distritos del sudoeste, que r\u00e9une el 25% de la superficie bonaerense.<\/p>\n<p>\u201cEsta ley se hizo luego de siete a\u00f1os con sequ\u00edas profundas y mortandad de hacienda. Incluso, en 2009 tuvimos una p\u00e9rdida de casi 1 mill\u00f3n de cabezas en la zona. Somos distintos productivamente, pero en los \u00faltimos dos a\u00f1os vemos que las autoridades tienen otra visi\u00f3n\u201d, apunt\u00f3 a La Tecla, Roberto Cittadini, protesorero de CARBAP y productor del partido de Saavedra.<\/p>\n<p>La pol\u00e9mica sobresali\u00f3 en una reuni\u00f3n en que mantuvieron d\u00edas atr\u00e1s dirigentes de la Confederaci\u00f3n de Asociaciones Rurales de Buenos Aires y La Pampa (CARBAP) con diputados bonaerenses en La Plata. \u201cEste no es el cambio que vot\u00f3 la Provincia\u201d, bram\u00f3 al salir,\u00a0Mat\u00edas de Velasco, su titular.<\/p>\n<p>En esa reuni\u00f3n un diputado oficialista desliz\u00f3 que el ministro de Agroindustria, Leonardo Sarquis tiene la \u00edntima creencia que la ley del Sudoeste carecer\u00eda de\u00a0sentido a futuro, debido a las lluvias.<\/p>\n<p>Ante la consulta de La Tecla, desde la cartera de Sarquis rechazaron que se pretenda cambiar la ley y subrayan que la exenci\u00f3n se hab\u00eda planteado por \u201cuna situaci\u00f3n de sequ\u00eda grave que ya no existe. Con este llevamos cuatro a\u00f1os con lluvias por encima de la media en toda la regi\u00f3n\u201d.<\/p>\n<p>Desde el campo advierten que la mejora no deja a un costado los efectos c\u00edclicos. &#8220;La recuperaci\u00f3n no se ha debido a pol\u00edticas p\u00fablicas sino a otros factores. El sudoeste no produce soja, y las regiones m\u00e1s productivas expulsaron la gander\u00eda hacia zonas marginales como la nuestra&#8221;, analiz\u00f3 Virginia Apphatie, exmiembro del Consejo Regional del Sudoeste.<\/p>\n<p>Fuente:www.latecla.com<\/p>\n","protected":false},"excerpt":{"rendered":"<div class=\"mh-excerpt\"><p>El Sudoeste bonaerense, regi\u00f3n caracterizada hist\u00f3ricamente por su aridez, vuelve a estar cruzada por la pol\u00e9mica. Entidades de la zona alertaron sobre la falta de datos de fondos previstos para el 2018, mientras suenan los reclamos por una quita en los beneficios impositivos que prev\u00e9 la Provincia. Los productores trinan. Mientras la administraci\u00f3n provincial a cargo de Mar\u00eda Eugenia Vidal ratifica su compromiso con la regi\u00f3n, los productores siembren desconfianza y cuestionan, en medio del incremento del Impuesto Inmobiliario Rural y el reval\u00fao programado, la falta de pol\u00edticas centrales, a diez a\u00f1os de la ley 13647 que cre\u00f3 el Plan <a class=\"mh-excerpt-more\" href=\"http:\/\/dsrmedios.com.ar\/diario\/archivos\/2594\" title=\"Productores del Sudoeste nuevamente reclama por la quita de beneficios para la regi\u00f3n\">[Leer m\u00e1s]<\/a><\/p>\n<\/div>","protected":false},"author":5,"featured_media":2595,"comment_status":"open","ping_status":"closed","sticky":false,"template":"","format":"standard","meta":{"_jetpack_newsletter_access":""},"categories":[7,1],"tags":[],"jetpack_featured_media_url":"http:\/\/dsrmedios.com.ar\/diario\/wp-content\/uploads\/2017\/11\/sudoeste.jpg","jetpack_sharing_enabled":true,"jetpack_shortlink":"https:\/\/wp.me\/p9fihK-FQ","_links":{"self":[{"href":"http:\/\/dsrmedios.com.ar\/diario\/wp-json\/wp\/v2\/posts\/2594"}],"collection":[{"href":"http:\/\/dsrmedios.com.ar\/diario\/wp-json\/wp\/v2\/posts"}],"about":[{"href":"http:\/\/dsrmedios.com.ar\/diario\/wp-json\/wp\/v2\/types\/post"}],"author":[{"embeddable":true,"href":"http:\/\/dsrmedios.com.ar\/diario\/wp-json\/wp\/v2\/users\/5"}],"replies":[{"embeddable":true,"href":"http:\/\/dsrmedios.com.ar\/diario\/wp-json\/wp\/v2\/comments?post=2594"}],"version-history":[{"count":1,"href":"http:\/\/dsrmedios.com.ar\/diario\/wp-json\/wp\/v2\/posts\/2594\/revisions"}],"predecessor-version":[{"id":2613,"href":"http:\/\/dsrmedios.com.ar\/diario\/wp-json\/wp\/v2\/posts\/2594\/revisions\/2613"}],"wp:featuredmedia":[{"embeddable":true,"href":"http:\/\/dsrmedios.com.ar\/diario\/wp-json\/wp\/v2\/media\/2595"}],"wp:attachment":[{"href":"http:\/\/dsrmedios.com.ar\/diario\/wp-json\/wp\/v2\/media?parent=2594"}],"wp:term":[{"taxonomy":"category","embeddable":true,"href":"http:\/\/dsrmedios.com.ar\/diario\/wp-json\/wp\/v2\/categories?post=2594"},{"taxonomy":"post_tag","embeddable":true,"href":"http:\/\/dsrmedios.com.ar\/diario\/wp-json\/wp\/v2\/tags?post=2594"}],"curies":[{"name":"wp","href":"https:\/\/api.w.org\/{rel}","templated":true}]}}