{"id":2590,"date":"2017-11-21T07:43:25","date_gmt":"2017-11-21T10:43:25","guid":{"rendered":"http:\/\/dsrmedios.com.ar\/diario\/?p=2590"},"modified":"2017-11-21T08:13:26","modified_gmt":"2017-11-21T11:13:26","slug":"el-gobierno-ordena-aumento-de-tarifas-electricas-38-y-de-gas-45-para-diciembre","status":"publish","type":"post","link":"http:\/\/dsrmedios.com.ar\/diario\/archivos\/2590","title":{"rendered":"El gobierno ordena aumento de tarifas el\u00e9ctricas 38% y de gas 45% para diciembre"},"content":{"rendered":"<p>El ministro de Energ\u00eda y Miner\u00eda, Juan Jos\u00e9 Aranguren, precis\u00f3 hoy que el Gobierno ordenar\u00e1 a las empresas distribuidoras aumentar las tarifas en un 45 % para el gas natural por red y un 38 % la energ\u00eda el\u00e9ctrica en diciembre.<\/p>\n<p>El funcionario destac\u00f3 que los cortes de energ\u00eda redujeron en la Capital Federal y el Gran Buenos Aires &#8220;gracias a las inversiones&#8221; que emprendieron las empresas tras el inicio de la &#8220;normalizaci\u00f3n tarifaria&#8221;.<\/p>\n<p>En declaraciones a Radio la Red, el funcionario aclar\u00f3 en el caso de Capital Federal y Gran Buenos Aires, atendidas por Edenor y Edesur, al aumento en la boleta ser\u00e1 mayor que en el interior porque se le sumar\u00e1 una recomposici\u00f3n del valor agregado de distribuci\u00f3n.<\/p>\n<p>Las empresas distribuidoras del interior del pa\u00eds ven\u00edan actualizando al ritmo de la inflaci\u00f3n en los \u00faltimos a\u00f1os el valor agregado de distribuci\u00f3n (VAD), lo que explica que la electricidad sea m\u00e1s cara en las provincias que en la Capital Federal y el conurbano bonaerense.<\/p>\n<p><strong>Las compa\u00f1\u00edas Edenor y Edesur que operan en la zona metropolitana de Buenos Aires (donde est\u00e1 el 40 % de la demanda nacional) manten\u00edan congelado el VAD y el Gobierno actual decidi\u00f3 que ahora se ponga gradualmente al mismo nivel en el interior.<\/strong><\/p>\n<p><strong>Eso explica -seg\u00fan el Gobierno- que el aumento tarifario para los usuarios de Edesur y Edenor ser\u00e1 mucho m\u00e1s fuerte durante el pr\u00f3ximo verano que para los habitantes de cualquier otro rinc\u00f3n de la Argentina.<\/strong><\/p>\n<p>Aranguren dijo que nueve de cada diez usuarios en el \u00e1rea Metropolitana de Buenos Aires recibir\u00e1n sus facturas con aumentos de hasta el 39 % y el resto tendr\u00e1 que afrontar alzas de hasta el 47 %.<\/p>\n<p>Al ser consultado sobre los cortes de luz, el ministro afirm\u00f3 que la cantidad es menor: &#8220;Entre enero y agosto de 2017 hubo 45 % menos cortes que en el mismo per\u00edodo de 2016&#8221;.<\/p>\n<p>Fuente:www.lanueva.com.ar<\/p>\n","protected":false},"excerpt":{"rendered":"<div class=\"mh-excerpt\"><p>El ministro de Energ\u00eda y Miner\u00eda, Juan Jos\u00e9 Aranguren, precis\u00f3 hoy que el Gobierno ordenar\u00e1 a las empresas distribuidoras aumentar las tarifas en un 45 % para el gas natural por red y un 38 % la energ\u00eda el\u00e9ctrica en diciembre. El funcionario destac\u00f3 que los cortes de energ\u00eda redujeron en la Capital Federal y el Gran Buenos Aires &#8220;gracias a las inversiones&#8221; que emprendieron las empresas tras el inicio de la &#8220;normalizaci\u00f3n tarifaria&#8221;. En declaraciones a Radio la Red, el funcionario aclar\u00f3 en el caso de Capital Federal y Gran Buenos Aires, atendidas por Edenor y Edesur, al aumento <a class=\"mh-excerpt-more\" href=\"http:\/\/dsrmedios.com.ar\/diario\/archivos\/2590\" title=\"El gobierno ordena aumento de tarifas el\u00e9ctricas 38% y de gas 45% para diciembre\">[Leer m\u00e1s]<\/a><\/p>\n<\/div>","protected":false},"author":5,"featured_media":2591,"comment_status":"open","ping_status":"closed","sticky":false,"template":"","format":"standard","meta":{"_jetpack_newsletter_access":""},"categories":[1],"tags":[],"jetpack_featured_media_url":"http:\/\/dsrmedios.com.ar\/diario\/wp-content\/uploads\/2017\/11\/gasluz.jpg","jetpack_sharing_enabled":true,"jetpack_shortlink":"https:\/\/wp.me\/p9fihK-FM","_links":{"self":[{"href":"http:\/\/dsrmedios.com.ar\/diario\/wp-json\/wp\/v2\/posts\/2590"}],"collection":[{"href":"http:\/\/dsrmedios.com.ar\/diario\/wp-json\/wp\/v2\/posts"}],"about":[{"href":"http:\/\/dsrmedios.com.ar\/diario\/wp-json\/wp\/v2\/types\/post"}],"author":[{"embeddable":true,"href":"http:\/\/dsrmedios.com.ar\/diario\/wp-json\/wp\/v2\/users\/5"}],"replies":[{"embeddable":true,"href":"http:\/\/dsrmedios.com.ar\/diario\/wp-json\/wp\/v2\/comments?post=2590"}],"version-history":[{"count":1,"href":"http:\/\/dsrmedios.com.ar\/diario\/wp-json\/wp\/v2\/posts\/2590\/revisions"}],"predecessor-version":[{"id":2615,"href":"http:\/\/dsrmedios.com.ar\/diario\/wp-json\/wp\/v2\/posts\/2590\/revisions\/2615"}],"wp:featuredmedia":[{"embeddable":true,"href":"http:\/\/dsrmedios.com.ar\/diario\/wp-json\/wp\/v2\/media\/2591"}],"wp:attachment":[{"href":"http:\/\/dsrmedios.com.ar\/diario\/wp-json\/wp\/v2\/media?parent=2590"}],"wp:term":[{"taxonomy":"category","embeddable":true,"href":"http:\/\/dsrmedios.com.ar\/diario\/wp-json\/wp\/v2\/categories?post=2590"},{"taxonomy":"post_tag","embeddable":true,"href":"http:\/\/dsrmedios.com.ar\/diario\/wp-json\/wp\/v2\/tags?post=2590"}],"curies":[{"name":"wp","href":"https:\/\/api.w.org\/{rel}","templated":true}]}}