{"id":2586,"date":"2017-11-21T07:44:12","date_gmt":"2017-11-21T10:44:12","guid":{"rendered":"http:\/\/dsrmedios.com.ar\/diario\/?p=2586"},"modified":"2017-11-23T09:30:22","modified_gmt":"2017-11-23T12:30:22","slug":"el-piloto-naval-carhuense-gonzalo-montoya-participa-de-la-busqueda-del-ara-san-juan","status":"publish","type":"post","link":"http:\/\/dsrmedios.com.ar\/diario\/archivos\/2586","title":{"rendered":"El piloto naval carhuense Gonzalo Montoya participa de la b\u00fasqueda del ARA San Juan"},"content":{"rendered":"<p>El Teniente de Fragata Aviador Naval Gonzalo Montoya, carhuense, ha sido destacado desde el primer d\u00eda en la b\u00fasqueda del submarino ARA San Juan. Lo hace pilotando una aeronave Fennec del Escuadr\u00f3n de Aviaci\u00f3n Naval.<\/p>\n<p>Ayer por la tarde nos contactamos con \u00e9l y quedamos en volver a conversar una vez que regrese a tierra. Los vuelos de reconocimiento y b\u00fasqueda son constantes y enmarcados lamentablemente en un clima muy h\u00f3stil con grandes vientos que se esperaba reduzcan su intensidad a partir de las \u00faltimas horas del lunes.<\/p>\n","protected":false},"excerpt":{"rendered":"<div class=\"mh-excerpt\"><p>El Teniente de Fragata Aviador Naval Gonzalo Montoya, carhuense, ha sido destacado desde el primer d\u00eda en la b\u00fasqueda del submarino ARA San Juan. Lo hace pilotando una aeronave Fennec del Escuadr\u00f3n de Aviaci\u00f3n Naval. Ayer por la tarde nos contactamos con \u00e9l y quedamos en volver a conversar una vez que regrese a tierra. Los vuelos de reconocimiento y b\u00fasqueda son constantes y enmarcados lamentablemente en un clima muy h\u00f3stil con grandes vientos que se esperaba reduzcan su intensidad a partir de las \u00faltimas horas del lunes.<\/p>\n<\/div>","protected":false},"author":5,"featured_media":2587,"comment_status":"open","ping_status":"closed","sticky":false,"template":"","format":"standard","meta":{"_jetpack_newsletter_access":""},"categories":[1],"tags":[],"jetpack_featured_media_url":"http:\/\/dsrmedios.com.ar\/diario\/wp-content\/uploads\/2017\/11\/gonzalo-montoya.jpg","jetpack_sharing_enabled":true,"jetpack_shortlink":"https:\/\/wp.me\/p9fihK-FI","_links":{"self":[{"href":"http:\/\/dsrmedios.com.ar\/diario\/wp-json\/wp\/v2\/posts\/2586"}],"collection":[{"href":"http:\/\/dsrmedios.com.ar\/diario\/wp-json\/wp\/v2\/posts"}],"about":[{"href":"http:\/\/dsrmedios.com.ar\/diario\/wp-json\/wp\/v2\/types\/post"}],"author":[{"embeddable":true,"href":"http:\/\/dsrmedios.com.ar\/diario\/wp-json\/wp\/v2\/users\/5"}],"replies":[{"embeddable":true,"href":"http:\/\/dsrmedios.com.ar\/diario\/wp-json\/wp\/v2\/comments?post=2586"}],"version-history":[{"count":2,"href":"http:\/\/dsrmedios.com.ar\/diario\/wp-json\/wp\/v2\/posts\/2586\/revisions"}],"predecessor-version":[{"id":2633,"href":"http:\/\/dsrmedios.com.ar\/diario\/wp-json\/wp\/v2\/posts\/2586\/revisions\/2633"}],"wp:featuredmedia":[{"embeddable":true,"href":"http:\/\/dsrmedios.com.ar\/diario\/wp-json\/wp\/v2\/media\/2587"}],"wp:attachment":[{"href":"http:\/\/dsrmedios.com.ar\/diario\/wp-json\/wp\/v2\/media?parent=2586"}],"wp:term":[{"taxonomy":"category","embeddable":true,"href":"http:\/\/dsrmedios.com.ar\/diario\/wp-json\/wp\/v2\/categories?post=2586"},{"taxonomy":"post_tag","embeddable":true,"href":"http:\/\/dsrmedios.com.ar\/diario\/wp-json\/wp\/v2\/tags?post=2586"}],"curies":[{"name":"wp","href":"https:\/\/api.w.org\/{rel}","templated":true}]}}