{"id":2576,"date":"2017-11-18T08:03:00","date_gmt":"2017-11-18T11:03:00","guid":{"rendered":"http:\/\/dsrmedios.com.ar\/diario\/?p=2576"},"modified":"2017-11-17T15:32:08","modified_gmt":"2017-11-17T18:32:08","slug":"aumentaran-las-tarifas-de-electricidad-en-alrededor-del-40-el-mes-proximo","status":"publish","type":"post","link":"http:\/\/dsrmedios.com.ar\/diario\/archivos\/2576","title":{"rendered":"Aumentar\u00e1n las tarifas de electricidad en alrededor del 40 % el mes pr\u00f3ximo"},"content":{"rendered":"<p>El 1 de diciembre arranca con otro aumento en las tarifas de energ\u00eda. Luego de que se anunciara una suba del 45% promedio para el gas, las facturas de luz llegar\u00e1n a los hogares del pa\u00eds con nuevos aumentos. El Gobierno busc\u00f3 imprimirle gradualismo al reajuste de tarifas, pero lo cierto es que habr\u00e1 dos subas en los pr\u00f3ximos tres meses en todo el pa\u00eds.<\/p>\n<p>El primer aumento (y m\u00e1s fuerte) ser\u00e1 en diciembre -uno de los meses m\u00e1s calurosos del a\u00f1o- y en febrero de 2018 se aplicar\u00e1 el segundo, seg\u00fan surge de la presentaci\u00f3n oficial de la audiencia p\u00fablica, con distintos porcentajes para cada caso.<\/p>\n<p>En el interior del pa\u00eds, la suba ser\u00e1 del 38% acumulado, tambi\u00e9n en dos tramos.<\/p>\n<p>El subsecretario de Energ\u00eda El\u00e9ctrica, Alejandro Sruoga advirti\u00f3 que &#8220;el impacto va a ser mayor en Edenor y Edesur&#8221;, porque se normalizar\u00e1 el valor agregado de distribuci\u00f3n (VAD), tal como se hizo en los \u00faltimos a\u00f1os en las compa\u00f1\u00edas distribuidoras provinciales<\/p>\n<p>Fuente:www.infoabe.com.ar<\/p>\n","protected":false},"excerpt":{"rendered":"<div class=\"mh-excerpt\"><p>El 1 de diciembre arranca con otro aumento en las tarifas de energ\u00eda. Luego de que se anunciara una suba del 45% promedio para el gas, las facturas de luz llegar\u00e1n a los hogares del pa\u00eds con nuevos aumentos. El Gobierno busc\u00f3 imprimirle gradualismo al reajuste de tarifas, pero lo cierto es que habr\u00e1 dos subas en los pr\u00f3ximos tres meses en todo el pa\u00eds. El primer aumento (y m\u00e1s fuerte) ser\u00e1 en diciembre -uno de los meses m\u00e1s calurosos del a\u00f1o- y en febrero de 2018 se aplicar\u00e1 el segundo, seg\u00fan surge de la presentaci\u00f3n oficial de la audiencia <a class=\"mh-excerpt-more\" href=\"http:\/\/dsrmedios.com.ar\/diario\/archivos\/2576\" title=\"Aumentar\u00e1n las tarifas de electricidad en alrededor del 40 % el mes pr\u00f3ximo\">[Leer m\u00e1s]<\/a><\/p>\n<\/div>","protected":false},"author":5,"featured_media":2577,"comment_status":"open","ping_status":"closed","sticky":false,"template":"","format":"standard","meta":{"_jetpack_newsletter_access":""},"categories":[18,6],"tags":[],"jetpack_featured_media_url":"http:\/\/dsrmedios.com.ar\/diario\/wp-content\/uploads\/2017\/11\/energia.jpg","jetpack_sharing_enabled":true,"jetpack_shortlink":"https:\/\/wp.me\/p9fihK-Fy","_links":{"self":[{"href":"http:\/\/dsrmedios.com.ar\/diario\/wp-json\/wp\/v2\/posts\/2576"}],"collection":[{"href":"http:\/\/dsrmedios.com.ar\/diario\/wp-json\/wp\/v2\/posts"}],"about":[{"href":"http:\/\/dsrmedios.com.ar\/diario\/wp-json\/wp\/v2\/types\/post"}],"author":[{"embeddable":true,"href":"http:\/\/dsrmedios.com.ar\/diario\/wp-json\/wp\/v2\/users\/5"}],"replies":[{"embeddable":true,"href":"http:\/\/dsrmedios.com.ar\/diario\/wp-json\/wp\/v2\/comments?post=2576"}],"version-history":[{"count":1,"href":"http:\/\/dsrmedios.com.ar\/diario\/wp-json\/wp\/v2\/posts\/2576\/revisions"}],"predecessor-version":[{"id":2578,"href":"http:\/\/dsrmedios.com.ar\/diario\/wp-json\/wp\/v2\/posts\/2576\/revisions\/2578"}],"wp:featuredmedia":[{"embeddable":true,"href":"http:\/\/dsrmedios.com.ar\/diario\/wp-json\/wp\/v2\/media\/2577"}],"wp:attachment":[{"href":"http:\/\/dsrmedios.com.ar\/diario\/wp-json\/wp\/v2\/media?parent=2576"}],"wp:term":[{"taxonomy":"category","embeddable":true,"href":"http:\/\/dsrmedios.com.ar\/diario\/wp-json\/wp\/v2\/categories?post=2576"},{"taxonomy":"post_tag","embeddable":true,"href":"http:\/\/dsrmedios.com.ar\/diario\/wp-json\/wp\/v2\/tags?post=2576"}],"curies":[{"name":"wp","href":"https:\/\/api.w.org\/{rel}","templated":true}]}}