{"id":2570,"date":"2017-11-18T08:02:26","date_gmt":"2017-11-18T11:02:26","guid":{"rendered":"http:\/\/dsrmedios.com.ar\/diario\/?p=2570"},"modified":"2017-11-17T15:24:56","modified_gmt":"2017-11-17T18:24:56","slug":"el-peronismo-bonaerense-tendra-que-ir-a-interna-partidaria-el-17-de-diciembre","status":"publish","type":"post","link":"http:\/\/dsrmedios.com.ar\/diario\/archivos\/2570","title":{"rendered":"El Peronismo Bonaerense tendr\u00e1 que ir a interna partidaria el 17 de diciembre"},"content":{"rendered":"<p>El Partido Justicialista de la provincia de Buenos Aires volver\u00e1 a tener el 17 de diciembre una interna partidaria porque los distintos sectores del peronismo no lograron acordar ayer una lista de unidad y por eso el espacio encabezado por el actual presidente del PJ provincial, Fernando Espinoza, se enfrentar\u00e1 en las urnas al conglomerado que lidera el intendente de Merlo, Gustavo Men\u00e9ndez.<\/p>\n<p>No obstante, las negociaciones continuar\u00e1n porque la Junta Electoral partidaria habilit\u00f3 un periodo de conciliaci\u00f3n de listas en pos de la unidad, seg\u00fan precisaron fuentes del PJ bonaerense.<\/p>\n<p>De no concretarse esa objetivo, tras d\u00e9cadas de lista de unidad y consenso partidario detr\u00e1s de un candidato apoyado por la conducci\u00f3n nacional o provincial del PJ, se dar\u00e1 un hecho trascendental para el futuro del peronismo bonaerense porque sus afiliados podr\u00e1n elegir si respaldan la actual conducci\u00f3n o si optan por una renovaci\u00f3n encarnada por Men\u00e9ndez, quien logr\u00f3 aglutinar a la mayor\u00eda de los intendentes, al massismo y a los sindicalistas.<\/p>\n","protected":false},"excerpt":{"rendered":"<div class=\"mh-excerpt\"><p>El Partido Justicialista de la provincia de Buenos Aires volver\u00e1 a tener el 17 de diciembre una interna partidaria porque los distintos sectores del peronismo no lograron acordar ayer una lista de unidad y por eso el espacio encabezado por el actual presidente del PJ provincial, Fernando Espinoza, se enfrentar\u00e1 en las urnas al conglomerado que lidera el intendente de Merlo, Gustavo Men\u00e9ndez. No obstante, las negociaciones continuar\u00e1n porque la Junta Electoral partidaria habilit\u00f3 un periodo de conciliaci\u00f3n de listas en pos de la unidad, seg\u00fan precisaron fuentes del PJ bonaerense. De no concretarse esa objetivo, tras d\u00e9cadas de lista <a class=\"mh-excerpt-more\" href=\"http:\/\/dsrmedios.com.ar\/diario\/archivos\/2570\" title=\"El Peronismo Bonaerense tendr\u00e1 que ir a interna partidaria el 17 de diciembre\">[Leer m\u00e1s]<\/a><\/p>\n<\/div>","protected":false},"author":5,"featured_media":2571,"comment_status":"open","ping_status":"closed","sticky":false,"template":"","format":"standard","meta":{"_jetpack_newsletter_access":""},"categories":[18,7],"tags":[],"jetpack_featured_media_url":"http:\/\/dsrmedios.com.ar\/diario\/wp-content\/uploads\/2017\/11\/pjbonaerense_0-1.jpg","jetpack_sharing_enabled":true,"jetpack_shortlink":"https:\/\/wp.me\/p9fihK-Fs","_links":{"self":[{"href":"http:\/\/dsrmedios.com.ar\/diario\/wp-json\/wp\/v2\/posts\/2570"}],"collection":[{"href":"http:\/\/dsrmedios.com.ar\/diario\/wp-json\/wp\/v2\/posts"}],"about":[{"href":"http:\/\/dsrmedios.com.ar\/diario\/wp-json\/wp\/v2\/types\/post"}],"author":[{"embeddable":true,"href":"http:\/\/dsrmedios.com.ar\/diario\/wp-json\/wp\/v2\/users\/5"}],"replies":[{"embeddable":true,"href":"http:\/\/dsrmedios.com.ar\/diario\/wp-json\/wp\/v2\/comments?post=2570"}],"version-history":[{"count":1,"href":"http:\/\/dsrmedios.com.ar\/diario\/wp-json\/wp\/v2\/posts\/2570\/revisions"}],"predecessor-version":[{"id":2572,"href":"http:\/\/dsrmedios.com.ar\/diario\/wp-json\/wp\/v2\/posts\/2570\/revisions\/2572"}],"wp:featuredmedia":[{"embeddable":true,"href":"http:\/\/dsrmedios.com.ar\/diario\/wp-json\/wp\/v2\/media\/2571"}],"wp:attachment":[{"href":"http:\/\/dsrmedios.com.ar\/diario\/wp-json\/wp\/v2\/media?parent=2570"}],"wp:term":[{"taxonomy":"category","embeddable":true,"href":"http:\/\/dsrmedios.com.ar\/diario\/wp-json\/wp\/v2\/categories?post=2570"},{"taxonomy":"post_tag","embeddable":true,"href":"http:\/\/dsrmedios.com.ar\/diario\/wp-json\/wp\/v2\/tags?post=2570"}],"curies":[{"name":"wp","href":"https:\/\/api.w.org\/{rel}","templated":true}]}}