{"id":2567,"date":"2017-11-18T08:00:23","date_gmt":"2017-11-18T11:00:23","guid":{"rendered":"http:\/\/dsrmedios.com.ar\/diario\/?p=2567"},"modified":"2017-11-17T15:18:17","modified_gmt":"2017-11-17T18:18:17","slug":"escalofriante-numeros-para-destacar-en-el-dia-mundial-de-las-victimas-del-transito","status":"publish","type":"post","link":"http:\/\/dsrmedios.com.ar\/diario\/archivos\/2567","title":{"rendered":"Escalofriante n\u00fameros para destacar en el D\u00eda Mundial de las V\u00edctimas del Tr\u00e1nsito"},"content":{"rendered":"<p><strong>189.790 muertos en 25 a\u00f1os no es s\u00f3lo un n\u00famero &#8211;\u00a0Ninguna guerra, ni desastre natural ha producido semejante tragedia en el pa\u00eds.<\/strong><\/p>\n<p>Las Naciones Unidas instituyeron este D\u00eda Mundial en memoria de los millones de v\u00edctimas del tr\u00e1nsito de todo el mundo. En<strong> la Argentina, a diferencia de otros pa\u00edses, esta cifra no desciende.\u00a0 En los \u00faltimos 25 a\u00f1os, casi 190.000 personas han muerto por esta causa y millones han resultado heridas, sufriendo, muchas de ellas, discapacidades permanentes<\/strong>. Y no se cuentan los <strong>millones de familiares y seres queridos de las v\u00edctimas, <\/strong>que son much\u00edsimos m\u00e1s. Ninguna guerra, ni cat\u00e1strofe o desastre natural ha producido semejante tragedia en nuestro pa\u00eds.<\/p>\n<p>Por ello, el m\u00e1s importante homenaje para ellas es <strong>hacer lo necesario para que estas muertes evitables no sigan repiti\u00e9ndose.<\/strong> En sinton\u00eda con el pedido de Naciones Unidas en el marco del \u201cDecenio de Acci\u00f3n para la Seguridad Vial 2011\/20\u201d, de reducir los muertos a la mitad en esta d\u00e9cada, Luchemos por la Vida, convoca a todos los ciudadanos, y a las autoridades responsables en especial,<strong> a asumir su responsabilidad<\/strong> con acciones concretas para disminuir significativamente el n\u00famero de muertos y heridos.<\/p>\n<p>La seguridad vial debe afirmarse como una <strong>cuesti\u00f3n de pol\u00edtica de estado;<\/strong> por medio de esfuerzos coordinados y decisiones mancomunadas por las autoridades nacionales, provinciales y municipales, <strong>responsables del tema. <\/strong>Se necesitan en forma urgente:<\/p>\n<p>&#8211; Los <strong>controles eficaces en calles y rutas<\/strong>, que aseguren la vigencia pr\u00e1ctica de la ley (por ej. controles de velocidades, alcoholemia, cinturones de seguridad y cascos, etc.) y <strong>sanciones efectivas <\/strong>a los infractores.<\/p>\n<p>&#8211; Legislar los <strong>delitos contra la seguridad vial y la reducci\u00f3n de las velocidades m\u00e1ximas<\/strong>.<\/p>\n<p>&#8211; Que se asegure una adecuada preparaci\u00f3n y <strong>otorgamiento serio y responsable de las licencias de conducir en todo el pa\u00eds.<\/strong><\/p>\n<p>&#8211; Que la <strong>educaci\u00f3n vial sistem\u00e1tica y continua<\/strong> sea una realidad en los programas de estudio y en las aulas de escuelas pre-escolares, elementales y medias en todo el pa\u00eds.<\/p>\n<p>&#8211; Que se realice una <strong>planificaci\u00f3n urbana <\/strong>que posibilite el tr\u00e1nsito fluido y ordenado y se concreten las inversiones necesarias para el logro de <strong>un transporte p\u00fablico seguro y eficiente<\/strong> (ferrocarriles, rutas, etc.).<\/p>\n<p><strong>Todos tenemos una responsabilidad en el cuidado de la vida.\u00a0<\/strong><strong>Se trata, una vez m\u00e1s, de hacer lo que hay que hacer.<\/strong><\/p>\n<p>Dr. Alberto Jos\u00e9 Silveira<br \/>\nPresidente<\/p>\n","protected":false},"excerpt":{"rendered":"<div class=\"mh-excerpt\"><p>189.790 muertos en 25 a\u00f1os no es s\u00f3lo un n\u00famero &#8211;\u00a0Ninguna guerra, ni desastre natural ha producido semejante tragedia en el pa\u00eds. Las Naciones Unidas instituyeron este D\u00eda Mundial en memoria de los millones de v\u00edctimas del tr\u00e1nsito de todo el mundo. En la Argentina, a diferencia de otros pa\u00edses, esta cifra no desciende.\u00a0 En los \u00faltimos 25 a\u00f1os, casi 190.000 personas han muerto por esta causa y millones han resultado heridas, sufriendo, muchas de ellas, discapacidades permanentes. Y no se cuentan los millones de familiares y seres queridos de las v\u00edctimas, que son much\u00edsimos m\u00e1s. Ninguna guerra, ni cat\u00e1strofe <a class=\"mh-excerpt-more\" href=\"http:\/\/dsrmedios.com.ar\/diario\/archivos\/2567\" title=\"Escalofriante n\u00fameros para destacar en el D\u00eda Mundial de las V\u00edctimas del Tr\u00e1nsito\">[Leer m\u00e1s]<\/a><\/p>\n<\/div>","protected":false},"author":5,"featured_media":2568,"comment_status":"open","ping_status":"closed","sticky":false,"template":"","format":"standard","meta":{"_jetpack_newsletter_access":""},"categories":[2,18],"tags":[],"jetpack_featured_media_url":"http:\/\/dsrmedios.com.ar\/diario\/wp-content\/uploads\/2017\/11\/victimas.jpg","jetpack_sharing_enabled":true,"jetpack_shortlink":"https:\/\/wp.me\/p9fihK-Fp","_links":{"self":[{"href":"http:\/\/dsrmedios.com.ar\/diario\/wp-json\/wp\/v2\/posts\/2567"}],"collection":[{"href":"http:\/\/dsrmedios.com.ar\/diario\/wp-json\/wp\/v2\/posts"}],"about":[{"href":"http:\/\/dsrmedios.com.ar\/diario\/wp-json\/wp\/v2\/types\/post"}],"author":[{"embeddable":true,"href":"http:\/\/dsrmedios.com.ar\/diario\/wp-json\/wp\/v2\/users\/5"}],"replies":[{"embeddable":true,"href":"http:\/\/dsrmedios.com.ar\/diario\/wp-json\/wp\/v2\/comments?post=2567"}],"version-history":[{"count":1,"href":"http:\/\/dsrmedios.com.ar\/diario\/wp-json\/wp\/v2\/posts\/2567\/revisions"}],"predecessor-version":[{"id":2569,"href":"http:\/\/dsrmedios.com.ar\/diario\/wp-json\/wp\/v2\/posts\/2567\/revisions\/2569"}],"wp:featuredmedia":[{"embeddable":true,"href":"http:\/\/dsrmedios.com.ar\/diario\/wp-json\/wp\/v2\/media\/2568"}],"wp:attachment":[{"href":"http:\/\/dsrmedios.com.ar\/diario\/wp-json\/wp\/v2\/media?parent=2567"}],"wp:term":[{"taxonomy":"category","embeddable":true,"href":"http:\/\/dsrmedios.com.ar\/diario\/wp-json\/wp\/v2\/categories?post=2567"},{"taxonomy":"post_tag","embeddable":true,"href":"http:\/\/dsrmedios.com.ar\/diario\/wp-json\/wp\/v2\/tags?post=2567"}],"curies":[{"name":"wp","href":"https:\/\/api.w.org\/{rel}","templated":true}]}}