{"id":25538,"date":"2021-09-21T19:46:52","date_gmt":"2021-09-21T22:46:52","guid":{"rendered":"http:\/\/dsrmedios.com.ar\/diario\/?p=25538"},"modified":"2021-09-21T19:46:54","modified_gmt":"2021-09-21T22:46:54","slug":"permitiran-que-desocupados-se-jubilen-a-los-55-anos-si-cuentan-con-30-de-aportes","status":"publish","type":"post","link":"http:\/\/dsrmedios.com.ar\/diario\/archivos\/25538","title":{"rendered":"Permitir\u00e1n que desocupados se jubilen a los 55 a\u00f1os si cuentan con 30 de aportes"},"content":{"rendered":"\n<p>En medio de la crisis econ\u00f3mica,&nbsp;<strong>el Gobierno&nbsp;analiza permitir que los mayores de 55 a\u00f1os se puedan jubilar si ya tienen los 30 a\u00f1os de aportes cumplidos.<\/strong><\/p>\n\n\n\n<p><strong>La medida, que buscar\u00eda dar una salida a los llamados &#8220;j\u00f3venes para jubilarse, pero grandes para trabajar&#8221;, se empez\u00f3 a estudiar y se aplicar\u00eda mediante un decreto de necesidad y urgencia.<\/strong><\/p>\n\n\n\n<p><strong>Quienes se acojan a este beneficio contar\u00e1n con la cobertura m\u00e9dica del PAMI y tendr\u00e1n derecho a pensi\u00f3n por fallecimiento del c\u00f3nyuge.<\/strong><\/p>\n\n\n\n<p>La iniciativa est\u00e1 dentro del paquete de medidas econ\u00f3micas que prepara el Gobierno para tratar de reactivar la econom\u00eda y dar vuelta el resultado adverso en las elecciones primarias.<\/p>\n\n\n\n<p>Si obtiene la aprobaci\u00f3n del presidente Alberto Fern\u00e1ndez, los trabajadores desocupados -mujeres entre 55 y 59 a\u00f1os y varones entre 60 y 64 a\u00f1os, con 30 a\u00f1os de aportes ingresados en la Seguridad Social- podr\u00e1n jubilarse con el 50% o 80% (seg\u00fan lo que finalmente se decida) del haber que le corresponde.<\/p>\n\n\n\n<p>Y cuando alcancen la edad jubilatoria (60 a\u00f1os las mujeres, 65 a\u00f1os los varones) pasar\u00edan a cobrar el 100%.<\/p>\n\n\n\n<p>Al jubilarse en forma anticipada, esas personas pasan a tener la cobertura m\u00e9dica del PAMI y, en caso de fallecimiento del titular, el derecho de pensi\u00f3n del c\u00f3nyuge.<\/p>\n\n\n\n<p>En el Gobierno estiman que en lo inmediato la medida podr\u00eda beneficiar a m\u00e1s de 30.000 personas.<\/p>\n\n\n\n<p>Fuente: Infobae<\/p>\n","protected":false},"excerpt":{"rendered":"<div class=\"mh-excerpt\"><p>En medio de la crisis econ\u00f3mica,&nbsp;el Gobierno&nbsp;analiza permitir que los mayores de 55 a\u00f1os se puedan jubilar si ya tienen los 30 a\u00f1os de aportes cumplidos. La medida, que buscar\u00eda dar una salida a los llamados &#8220;j\u00f3venes para jubilarse, pero grandes para trabajar&#8221;, se empez\u00f3 a estudiar y se aplicar\u00eda mediante un decreto de necesidad y urgencia. Quienes se acojan a este beneficio contar\u00e1n con la cobertura m\u00e9dica del PAMI y tendr\u00e1n derecho a pensi\u00f3n por fallecimiento del c\u00f3nyuge. La iniciativa est\u00e1 dentro del paquete de medidas econ\u00f3micas que prepara el Gobierno para tratar de reactivar la econom\u00eda y dar <a class=\"mh-excerpt-more\" href=\"http:\/\/dsrmedios.com.ar\/diario\/archivos\/25538\" title=\"Permitir\u00e1n que desocupados se jubilen a los 55 a\u00f1os si cuentan con 30 de aportes\">[Leer m\u00e1s]<\/a><\/p>\n<\/div>","protected":false},"author":6,"featured_media":5995,"comment_status":"open","ping_status":"closed","sticky":false,"template":"","format":"standard","meta":{"_jetpack_newsletter_access":""},"categories":[6],"tags":[],"jetpack_featured_media_url":"http:\/\/dsrmedios.com.ar\/diario\/wp-content\/uploads\/2018\/05\/jubilados.jpg","jetpack_sharing_enabled":true,"jetpack_shortlink":"https:\/\/wp.me\/p9fihK-6DU","_links":{"self":[{"href":"http:\/\/dsrmedios.com.ar\/diario\/wp-json\/wp\/v2\/posts\/25538"}],"collection":[{"href":"http:\/\/dsrmedios.com.ar\/diario\/wp-json\/wp\/v2\/posts"}],"about":[{"href":"http:\/\/dsrmedios.com.ar\/diario\/wp-json\/wp\/v2\/types\/post"}],"author":[{"embeddable":true,"href":"http:\/\/dsrmedios.com.ar\/diario\/wp-json\/wp\/v2\/users\/6"}],"replies":[{"embeddable":true,"href":"http:\/\/dsrmedios.com.ar\/diario\/wp-json\/wp\/v2\/comments?post=25538"}],"version-history":[{"count":1,"href":"http:\/\/dsrmedios.com.ar\/diario\/wp-json\/wp\/v2\/posts\/25538\/revisions"}],"predecessor-version":[{"id":25539,"href":"http:\/\/dsrmedios.com.ar\/diario\/wp-json\/wp\/v2\/posts\/25538\/revisions\/25539"}],"wp:featuredmedia":[{"embeddable":true,"href":"http:\/\/dsrmedios.com.ar\/diario\/wp-json\/wp\/v2\/media\/5995"}],"wp:attachment":[{"href":"http:\/\/dsrmedios.com.ar\/diario\/wp-json\/wp\/v2\/media?parent=25538"}],"wp:term":[{"taxonomy":"category","embeddable":true,"href":"http:\/\/dsrmedios.com.ar\/diario\/wp-json\/wp\/v2\/categories?post=25538"},{"taxonomy":"post_tag","embeddable":true,"href":"http:\/\/dsrmedios.com.ar\/diario\/wp-json\/wp\/v2\/tags?post=25538"}],"curies":[{"name":"wp","href":"https:\/\/api.w.org\/{rel}","templated":true}]}}