{"id":25532,"date":"2021-09-21T19:40:38","date_gmt":"2021-09-21T22:40:38","guid":{"rendered":"http:\/\/dsrmedios.com.ar\/diario\/?p=25532"},"modified":"2021-09-21T19:40:39","modified_gmt":"2021-09-21T22:40:39","slug":"el-salario-minimo-aumentara-13-mas-hasta-fin-de-ano-y-sera-de-32-000-desde-noviembre","status":"publish","type":"post","link":"http:\/\/dsrmedios.com.ar\/diario\/archivos\/25532","title":{"rendered":"El salario m\u00ednimo aumentar\u00e1 13% m\u00e1s hasta fin de a\u00f1o y ser\u00e1 de $32.000 desde noviembre"},"content":{"rendered":"\n<p>Empresarios y gremios acordaron este martes en el plenario del Consejo del Salario M\u00ednimo, Vital y M\u00f3vil que&nbsp;<strong>el piso de remuneraciones tendr\u00e1 una actualizaci\u00f3n de 48% a lo largo de 2021, por lo que terminar\u00e1 el a\u00f1o en $32.000<\/strong>, seg\u00fan pudo saber&nbsp;<strong>Infobae<\/strong>&nbsp;en base a fuentes que participaron de la reuni\u00f3n.<strong>&nbsp;En febrero se agregar\u00e1 un nuevo tramo de incremento que lo llevar\u00e1 a $33.000<\/strong>.<\/p>\n\n\n\n<p>El c\u00f3nclave de c\u00e1maras empresarias y sindicatos determin\u00f3 que habr\u00e1 dos aumentos m\u00e1s del salario m\u00ednimo en lo que resta del a\u00f1o. El primero ser\u00e1 en septiembre (para los sueldos a cobrar en octubre), de un<strong>&nbsp;9%, que llevar\u00e1 el piso de ingresos laborales a $31.104<\/strong>, seg\u00fan especific\u00f3 uno de los participantes del consejo tripartito, del que forma parte tambi\u00e9n el Ministerio de Trabajo.PUBLICIDAD<\/p>\n\n\n\n<p>En segundo lugar, habr\u00e1 un ajuste de 4% en octubre (a cobrar en noviembre) que<strong>&nbsp;elevar\u00e1 esa suma a $31.968, aunque se decidi\u00f3 en el Consejo redondear la cifra hasta $32.000<\/strong>. De esta manera,<strong>&nbsp;el aumento total con el que terminar\u00e1 el salario m\u00ednimo, vital y m\u00f3vil en 2021 ser\u00e1 de 48%<\/strong>, unos tres puntos porcentuales por encima de la inflaci\u00f3n esperada por el Gobierno y en l\u00ednea con la suba de precios que proyecta el sector privado.El piso de remuneraciones tendr\u00e1 una actualizaci\u00f3n de 48% a lo largo de 2021, por lo que terminar\u00e1 el a\u00f1o en $32.000<\/p>\n\n\n\n<p>Por \u00faltimo, habr\u00e1<strong>&nbsp;una \u00faltima actualizaci\u00f3n de 3% en febrero (a cobrar en marzo)<\/strong>&nbsp;que elevar\u00e1 el piso de remuneraciones&nbsp;<strong>hasta $32.960 pero que, como en el caso anterior, ser\u00e1 redondeado hasta $33.00<\/strong>0. Con este \u00faltimo tramo de incremento,<strong>&nbsp;entre marzo de 2021 y marzo de 2022 la suba del SMVM habr\u00e1 ascendido a 52% en total<\/strong>, estimaron fuentes gremiales.<\/p>\n\n\n\n<p>El reajuste en el salario m\u00ednimo ser\u00e1 la forma que tendr\u00e1 el Gobierno para abordar la p\u00e9rdida salarial de los<strong>&nbsp;trabajadores informales<\/strong>&nbsp;que, por definici\u00f3n, no actualizan su salario a trav\u00e9s de negociaciones colectivas. Un aumento del salario m\u00ednimo, entonces,&nbsp;<strong>funcionar\u00eda como \u201creferencia\u201d de incrementos posibles<\/strong>&nbsp;para ese sector del mercado laboral que adem\u00e1s es, por lejos, el m\u00e1s perjudicado en la carrera contra la suba de precios. De acuerdo a los \u00faltimos datos oficiales, durante la primera mitad del a\u00f1o quedaron unos 12 puntos porcentuales por detr\u00e1s de la evoluci\u00f3n de la inflaci\u00f3n.<\/p>\n\n\n\n<p>El salario m\u00ednimo aumentar\u00e1 52% entre marzo de 2021 y marzo de 2022. REUTERS\/Agustin Marcarian<\/p>\n\n\n\n<p>En abril el piso salarial hab\u00eda tenido un primer aumento acordado entre empresarios y gremios de 35% en siete tramos hasta febrero. Y en julio, por la aceleraci\u00f3n de precios, se decidi\u00f3 acelerarlo para que esos tramos terminen este mes.<\/p>\n\n\n\n<p>De todas formas, el ajuste del salario m\u00ednimo tendr\u00e1 m\u00e1s que nada un impacto en las cuentas p\u00fablicas. Eso sucede, por un lado, porque la mayor\u00eda de los convenios colectivos de trabajo ya est\u00e1 por encima del nivel de salario m\u00ednimo. Y por otro, porque&nbsp;<strong>algunos programas sociales como el Potenciar Trabajo, el plan Progresar, el 82% m\u00f3vil para los jubilados con aportes completos<\/strong>, entre otros, dependen de la variaci\u00f3n del piso de remuneraciones.Habr\u00e1 una \u00faltima actualizaci\u00f3n de 3% en febrero (a cobrar en marzo) que elevar\u00e1 el piso de remuneraciones hasta $32.960 pero que, como en el caso anterior, ser\u00e1 redondeado hasta $33.000<\/p>\n\n\n\n<p>El incremento del salario m\u00ednimo ser\u00e1 el primero de una serie de anuncios econ\u00f3micos que realizar\u00e1 el Gobierno en los pr\u00f3ximos d\u00edas como parte un paquete de medidas en respuesta a la derrota oficialista en las elecciones primarias. Los pr\u00f3ximos pasos ser\u00e1n la oficilizaci\u00f3n del nuevo m\u00ednimo no imponible del impuesto a las Ganancias, cr\u00e9ditos a tasa cero con mayor alcance, bonos a jubilados y beneficairios de la Asignaci\u00f3n Universal por Hijo y otras medidas como capacitaciones laborales.<\/p>\n\n\n\n<p>Del plenario del salario m\u00ednimo participaron, por el lado gremial,&nbsp;<strong>H\u00e9ctor Daer (CGT), Carlos Acu\u00f1a (CGT), Andr\u00e9s Rodr\u00edguez (UPCN), Gerardo Mart\u00ednez (Uocra), Sergio Romero (UDA), Jos\u00e9 Luis Lingeri (Sanidad), Roberto Fern\u00e1ndez (UTA), V\u00edctor Santa Mar\u00eda (encargados), Jorge Sola (seguro), Rodolfo Daer (alimentaci\u00f3n), Julio Piumato (judiciales), Noe Ruiz (modelos), Antonio Cal\u00f3 (UOM), Armando Cavallieri (Comerico), Ricardo Peidr\u00f3<\/strong>&nbsp;<strong>(CTA Aut\u00f3noma), Hugo Yasky (CTA Trabajadores).<\/strong><\/p>\n\n\n\n<p>Por parte de la representaci\u00f3n empresaria formaron parte de la reuni\u00f3n<strong>\u00a0Daniel Funes de Rioja, Juan Jos\u00e9 Etala, Julio Cordero, Guillermo Moretti y Horacio Mart\u00ednez por parte de la Uni\u00f3n Industrial Argentina, Pedro Etcheberry (CAC), Jorge Hulton (Carmarco), Carlos Achetoni (FAA), Abel Guerrieri (Sociedad Rural), Paulo Ares (Coninagro), Alberto Frola (CRA), Ver\u00f3nica S\u00e1nchez (Fehgra), Javier Bolzico (Adeba), Adelmo Juan Jos\u00e9 Gabbi y Javier Eduardo Vi\u00f1ales por la Bolsa de Comercio, Jaime Campos y Guadalupe Mazulo (AEA) y Ricardo Diab (CAME)<\/strong>.<\/p>\n\n\n\n<p>Fuente: Infobae<\/p>\n","protected":false},"excerpt":{"rendered":"<div class=\"mh-excerpt\"><p>Empresarios y gremios acordaron este martes en el plenario del Consejo del Salario M\u00ednimo, Vital y M\u00f3vil que&nbsp;el piso de remuneraciones tendr\u00e1 una actualizaci\u00f3n de 48% a lo largo de 2021, por lo que terminar\u00e1 el a\u00f1o en $32.000, seg\u00fan pudo saber&nbsp;Infobae&nbsp;en base a fuentes que participaron de la reuni\u00f3n.&nbsp;En febrero se agregar\u00e1 un nuevo tramo de incremento que lo llevar\u00e1 a $33.000. El c\u00f3nclave de c\u00e1maras empresarias y sindicatos determin\u00f3 que habr\u00e1 dos aumentos m\u00e1s del salario m\u00ednimo en lo que resta del a\u00f1o. El primero ser\u00e1 en septiembre (para los sueldos a cobrar en octubre), de un&nbsp;9%, que <a class=\"mh-excerpt-more\" href=\"http:\/\/dsrmedios.com.ar\/diario\/archivos\/25532\" title=\"El salario m\u00ednimo aumentar\u00e1 13% m\u00e1s hasta fin de a\u00f1o y ser\u00e1 de $32.000 desde noviembre\">[Leer m\u00e1s]<\/a><\/p>\n<\/div>","protected":false},"author":6,"featured_media":25533,"comment_status":"open","ping_status":"closed","sticky":false,"template":"","format":"standard","meta":{"_jetpack_newsletter_access":""},"categories":[6],"tags":[],"jetpack_featured_media_url":"http:\/\/dsrmedios.com.ar\/diario\/wp-content\/uploads\/2021\/09\/Sin-t\u00edtulo.png","jetpack_sharing_enabled":true,"jetpack_shortlink":"https:\/\/wp.me\/p9fihK-6DO","_links":{"self":[{"href":"http:\/\/dsrmedios.com.ar\/diario\/wp-json\/wp\/v2\/posts\/25532"}],"collection":[{"href":"http:\/\/dsrmedios.com.ar\/diario\/wp-json\/wp\/v2\/posts"}],"about":[{"href":"http:\/\/dsrmedios.com.ar\/diario\/wp-json\/wp\/v2\/types\/post"}],"author":[{"embeddable":true,"href":"http:\/\/dsrmedios.com.ar\/diario\/wp-json\/wp\/v2\/users\/6"}],"replies":[{"embeddable":true,"href":"http:\/\/dsrmedios.com.ar\/diario\/wp-json\/wp\/v2\/comments?post=25532"}],"version-history":[{"count":1,"href":"http:\/\/dsrmedios.com.ar\/diario\/wp-json\/wp\/v2\/posts\/25532\/revisions"}],"predecessor-version":[{"id":25534,"href":"http:\/\/dsrmedios.com.ar\/diario\/wp-json\/wp\/v2\/posts\/25532\/revisions\/25534"}],"wp:featuredmedia":[{"embeddable":true,"href":"http:\/\/dsrmedios.com.ar\/diario\/wp-json\/wp\/v2\/media\/25533"}],"wp:attachment":[{"href":"http:\/\/dsrmedios.com.ar\/diario\/wp-json\/wp\/v2\/media?parent=25532"}],"wp:term":[{"taxonomy":"category","embeddable":true,"href":"http:\/\/dsrmedios.com.ar\/diario\/wp-json\/wp\/v2\/categories?post=25532"},{"taxonomy":"post_tag","embeddable":true,"href":"http:\/\/dsrmedios.com.ar\/diario\/wp-json\/wp\/v2\/tags?post=25532"}],"curies":[{"name":"wp","href":"https:\/\/api.w.org\/{rel}","templated":true}]}}