{"id":25518,"date":"2021-09-21T19:25:58","date_gmt":"2021-09-21T22:25:58","guid":{"rendered":"http:\/\/dsrmedios.com.ar\/diario\/?p=25518"},"modified":"2021-09-21T19:26:00","modified_gmt":"2021-09-21T22:26:00","slug":"presentacion-oficial-de-la-vuelta-al-lago-epecuen-2021","status":"publish","type":"post","link":"http:\/\/dsrmedios.com.ar\/diario\/archivos\/25518","title":{"rendered":"Presentaci\u00f3n oficial de la Vuelta al Lago Epecu\u00e9n 2021"},"content":{"rendered":"\n<p>Este mi\u00e9rcoles 22 a las 18:30hs se realizar\u00e1 la\npresentaci\u00f3n oficial de la cuarta edici\u00f3n de la Vuelta al Lago Epecu\u00e9n.&nbsp;<br>\nLa presentaci\u00f3n ser\u00e1 a trav\u00e9s de un vivo de Instagram que saldr\u00e1 por las\ncuentas de Vuelta al Lago Epecu\u00e9n, Lago Epecu\u00e9n Carhu\u00e9 y &nbsp;Municipalidad de\nAdolfo Alsina.&nbsp;<br>\nEstar\u00e1n presentes los organizadores de la carrera junto al Intendente Javier\nAndres, Vanesa Neubauer, Directora de Turismo, Ezequiel Figueroa, Director de\nDeportes y Viviana Castro, guardaparques municipal.&nbsp;<br>\nLa carrera se realizar\u00e1 el domingo 28 de noviembre. La Vuelta al Lago Epecu\u00e9n\nes una carrera de ultra distancia, con 63 kil\u00f3metros y otros 2 circuitos de 23\ny 14 kil\u00f3metros respectivamente.&nbsp;<br>\nTodos los circuitos correr\u00e1n entre las ruinas del pueblo que se inund\u00f3 en 1985\ny que, en los \u00faltimos a\u00f1os, volvi\u00f3 a emerger y ahora es Patrimonio Hist\u00f3rico de\nla Provincia de Buenos Aires.&nbsp;<br>\n<br>\nLos deportistas de Adolfo Alsina Acceder\u00e1n a un 50% de descuento. Para ello\ndeber\u00e1n acercarse de lunes a viernes de 8 a 13hs a la oficina de Deportes para\nrealizar la inscripci\u00f3n.&nbsp;<\/p>\n","protected":false},"excerpt":{"rendered":"<div class=\"mh-excerpt\"><p>Este mi\u00e9rcoles 22 a las 18:30hs se realizar\u00e1 la presentaci\u00f3n oficial de la cuarta edici\u00f3n de la Vuelta al Lago Epecu\u00e9n.&nbsp; La presentaci\u00f3n ser\u00e1 a trav\u00e9s de un vivo de Instagram que saldr\u00e1 por las cuentas de Vuelta al Lago Epecu\u00e9n, Lago Epecu\u00e9n Carhu\u00e9 y &nbsp;Municipalidad de Adolfo Alsina.&nbsp; Estar\u00e1n presentes los organizadores de la carrera junto al Intendente Javier Andres, Vanesa Neubauer, Directora de Turismo, Ezequiel Figueroa, Director de Deportes y Viviana Castro, guardaparques municipal.&nbsp; La carrera se realizar\u00e1 el domingo 28 de noviembre. La Vuelta al Lago Epecu\u00e9n es una carrera de ultra distancia, con 63 kil\u00f3metros y <a class=\"mh-excerpt-more\" href=\"http:\/\/dsrmedios.com.ar\/diario\/archivos\/25518\" title=\"Presentaci\u00f3n oficial de la Vuelta al Lago Epecu\u00e9n 2021\">[Leer m\u00e1s]<\/a><\/p>\n<\/div>","protected":false},"author":6,"featured_media":25519,"comment_status":"open","ping_status":"closed","sticky":false,"template":"","format":"standard","meta":{"_jetpack_newsletter_access":""},"categories":[31],"tags":[],"jetpack_featured_media_url":"http:\/\/dsrmedios.com.ar\/diario\/wp-content\/uploads\/2021\/09\/e0181bf8-b681-a3cb-2dba-fda62fac23cd.jpg","jetpack_sharing_enabled":true,"jetpack_shortlink":"https:\/\/wp.me\/p9fihK-6DA","_links":{"self":[{"href":"http:\/\/dsrmedios.com.ar\/diario\/wp-json\/wp\/v2\/posts\/25518"}],"collection":[{"href":"http:\/\/dsrmedios.com.ar\/diario\/wp-json\/wp\/v2\/posts"}],"about":[{"href":"http:\/\/dsrmedios.com.ar\/diario\/wp-json\/wp\/v2\/types\/post"}],"author":[{"embeddable":true,"href":"http:\/\/dsrmedios.com.ar\/diario\/wp-json\/wp\/v2\/users\/6"}],"replies":[{"embeddable":true,"href":"http:\/\/dsrmedios.com.ar\/diario\/wp-json\/wp\/v2\/comments?post=25518"}],"version-history":[{"count":1,"href":"http:\/\/dsrmedios.com.ar\/diario\/wp-json\/wp\/v2\/posts\/25518\/revisions"}],"predecessor-version":[{"id":25520,"href":"http:\/\/dsrmedios.com.ar\/diario\/wp-json\/wp\/v2\/posts\/25518\/revisions\/25520"}],"wp:featuredmedia":[{"embeddable":true,"href":"http:\/\/dsrmedios.com.ar\/diario\/wp-json\/wp\/v2\/media\/25519"}],"wp:attachment":[{"href":"http:\/\/dsrmedios.com.ar\/diario\/wp-json\/wp\/v2\/media?parent=25518"}],"wp:term":[{"taxonomy":"category","embeddable":true,"href":"http:\/\/dsrmedios.com.ar\/diario\/wp-json\/wp\/v2\/categories?post=25518"},{"taxonomy":"post_tag","embeddable":true,"href":"http:\/\/dsrmedios.com.ar\/diario\/wp-json\/wp\/v2\/tags?post=25518"}],"curies":[{"name":"wp","href":"https:\/\/api.w.org\/{rel}","templated":true}]}}