{"id":2551,"date":"2017-11-17T08:06:32","date_gmt":"2017-11-17T11:06:32","guid":{"rendered":"http:\/\/dsrmedios.com.ar\/diario\/?p=2551"},"modified":"2017-11-17T08:06:32","modified_gmt":"2017-11-17T11:06:32","slug":"el-nuevo-ministro-de-educacion-de-la-provincia-visitara-este-sabado-nuestra-ciudad","status":"publish","type":"post","link":"http:\/\/dsrmedios.com.ar\/diario\/archivos\/2551","title":{"rendered":"El nuevo Ministro de Educaci\u00f3n de la Provincia visitar\u00e1 este s\u00e1bado nuestra ciudad"},"content":{"rendered":"<p>El titular de educaci\u00f3n llegar\u00e1 invitado por el Intendente Municipal, con quien hace escasos d\u00edas repas\u00f3 la problem\u00e1tica educativa de Adolfo Alsina, y el uso de los recursos econ\u00f3micos de educaci\u00f3n en nuestro territorio.<br \/>\nEl pr\u00f3ximo S\u00e1bado 18 de Noviembre, el nuevo Director General de Cultura y Educaci\u00f3n de la Provincia de Buenos Aires, Lic. Gabriel Sanchez Zinny, se reunir\u00e1 por la tarde con el Intendente David Hirtz, y desde las 18 horas se trasladar\u00e1 a la localidad de Rivera para participar de los actos por el Centenario de la Escuela Primaria N\u00ba41 Rio Negro, de esa localidad.<br \/>\nS\u00e1nchez Zinny fue elegido por la gobernadora Mar\u00eda Eugenia Vidal para remplazar a Alejandro Finocchiaro al frente de la Direcci\u00f3n General de Cultura y Educaci\u00f3n, quien emigrar\u00e1 a la cartera educativa nacional para ocupar la vacante generada por Esteban Bullrich<\/p>\n","protected":false},"excerpt":{"rendered":"<div class=\"mh-excerpt\"><p>El titular de educaci\u00f3n llegar\u00e1 invitado por el Intendente Municipal, con quien hace escasos d\u00edas repas\u00f3 la problem\u00e1tica educativa de Adolfo Alsina, y el uso de los recursos econ\u00f3micos de educaci\u00f3n en nuestro territorio. El pr\u00f3ximo S\u00e1bado 18 de Noviembre, el nuevo Director General de Cultura y Educaci\u00f3n de la Provincia de Buenos Aires, Lic. Gabriel Sanchez Zinny, se reunir\u00e1 por la tarde con el Intendente David Hirtz, y desde las 18 horas se trasladar\u00e1 a la localidad de Rivera para participar de los actos por el Centenario de la Escuela Primaria N\u00ba41 Rio Negro, de esa localidad. S\u00e1nchez Zinny <a class=\"mh-excerpt-more\" href=\"http:\/\/dsrmedios.com.ar\/diario\/archivos\/2551\" title=\"El nuevo Ministro de Educaci\u00f3n de la Provincia visitar\u00e1 este s\u00e1bado nuestra ciudad\">[Leer m\u00e1s]<\/a><\/p>\n<\/div>","protected":false},"author":5,"featured_media":2552,"comment_status":"open","ping_status":"closed","sticky":false,"template":"","format":"standard","meta":{"_jetpack_newsletter_access":""},"categories":[18,5],"tags":[],"jetpack_featured_media_url":"http:\/\/dsrmedios.com.ar\/diario\/wp-content\/uploads\/2017\/11\/sanchezzini.jpg","jetpack_sharing_enabled":true,"jetpack_shortlink":"https:\/\/wp.me\/p9fihK-F9","_links":{"self":[{"href":"http:\/\/dsrmedios.com.ar\/diario\/wp-json\/wp\/v2\/posts\/2551"}],"collection":[{"href":"http:\/\/dsrmedios.com.ar\/diario\/wp-json\/wp\/v2\/posts"}],"about":[{"href":"http:\/\/dsrmedios.com.ar\/diario\/wp-json\/wp\/v2\/types\/post"}],"author":[{"embeddable":true,"href":"http:\/\/dsrmedios.com.ar\/diario\/wp-json\/wp\/v2\/users\/5"}],"replies":[{"embeddable":true,"href":"http:\/\/dsrmedios.com.ar\/diario\/wp-json\/wp\/v2\/comments?post=2551"}],"version-history":[{"count":1,"href":"http:\/\/dsrmedios.com.ar\/diario\/wp-json\/wp\/v2\/posts\/2551\/revisions"}],"predecessor-version":[{"id":2553,"href":"http:\/\/dsrmedios.com.ar\/diario\/wp-json\/wp\/v2\/posts\/2551\/revisions\/2553"}],"wp:featuredmedia":[{"embeddable":true,"href":"http:\/\/dsrmedios.com.ar\/diario\/wp-json\/wp\/v2\/media\/2552"}],"wp:attachment":[{"href":"http:\/\/dsrmedios.com.ar\/diario\/wp-json\/wp\/v2\/media?parent=2551"}],"wp:term":[{"taxonomy":"category","embeddable":true,"href":"http:\/\/dsrmedios.com.ar\/diario\/wp-json\/wp\/v2\/categories?post=2551"},{"taxonomy":"post_tag","embeddable":true,"href":"http:\/\/dsrmedios.com.ar\/diario\/wp-json\/wp\/v2\/tags?post=2551"}],"curies":[{"name":"wp","href":"https:\/\/api.w.org\/{rel}","templated":true}]}}