{"id":25507,"date":"2021-09-21T17:13:15","date_gmt":"2021-09-21T20:13:15","guid":{"rendered":"http:\/\/dsrmedios.com.ar\/diario\/?p=25507"},"modified":"2021-09-21T17:13:17","modified_gmt":"2021-09-21T20:13:17","slug":"en-nuestra-provincia-se-dictaran-clases-los-dias-sabados-y-a-contraturno","status":"publish","type":"post","link":"http:\/\/dsrmedios.com.ar\/diario\/archivos\/25507","title":{"rendered":"En nuestra provincia se dictar\u00e1n clases los d\u00edas s\u00e1bados y a contraturno"},"content":{"rendered":"\n<p>La provincia de Buenos Aires va a poner en marcha el Programa &#8220;M\u00e1s Acompa\u00f1amiento a las Trayectorias y la Revinculaci\u00f3n (ATR), destinado a estudiantes de nivel inicial, primaria y secundaria en pos de afianzar sus trayectorias educativas o rendir materias previas.<\/p>\n\n\n\n<p>La iniciativa comenzar\u00e1 este mes y continuar\u00e1 hasta el 20 de diciembre. Posteriormente se retomar\u00e1 desde 1 de febrero al 4 de marzo de 2022. <\/p>\n\n\n\n<p>Mientras que durante enero, el programa continuar\u00e1 en articulaci\u00f3n con la propuesta l\u00fadico-recreativa que se llevar\u00e1 a cabo en clubes y predios al aire libre de los 135 distritos de la provincia, con caracter\u00edsticas similares a las que tuvo el Programa Verano ATR a comienzos de a\u00f1o. <\/p>\n\n\n\n<p>El programa comprende actividades presenciales a contraturno y los d\u00edas s\u00e1bados que ser\u00e1n llevadas a cabo por docentes que se integrar\u00e1n a los equipos de trabajo de las escuelas de toda la provincia.<\/p>\n\n\n\n<p>La Direcci\u00f3n de Cultura y Educaci\u00f3n habilit\u00f3 la convocatoria de los actos p\u00fablicos digitales para los docentes que formar\u00e1n parte del programa, y seg\u00fan se\u00f1al\u00f3 hoy el gobernador Axel Kicillof se estima que ser\u00e1n alrededor de 30 mil cargos.<\/p>\n\n\n\n<p>Fuentes del gobierno bonaerense se\u00f1alaron que &#8220;los docentes y profesores se integran al proyecto institucional de cada escuela para fortalecer, a partir de espacios de presencialidad y de un trabajo articulado con todo el plantel de cada establecimiento, las trayectorias de las y los estudiantes que lo requieran&#8221;.<\/p>\n\n\n\n<p>En ese plano, adelantaron que se prev\u00e9 un programa de formaci\u00f3n docente permanente los nuevos docentes.<\/p>\n\n\n\n<p>Hace algunos d\u00edas, la Direcci\u00f3n General de Cultura y Educaci\u00f3n le envi\u00f3 una carta al conjunto de las familias para anunciar las nuevas actividades presenciales a contraturno y los d\u00edas s\u00e1bados.<\/p>\n\n\n\n<p>&#8220;Queremos adelantarles que para el conjunto de estudiantes de primero y segundo a\u00f1o se organizar\u00e1n talleres de lectura, escritura y matem\u00e1tica. Por m\u00e1s que hayan alcanzado los saberes necesarios, entendemos que quienes comenzaron a transitar el nivel primario durante la pandemia necesitan estar m\u00e1s tiempo en la escuela para ganar seguridad sobre lo aprendido y para fortalecer su v\u00ednculo con las y los docentes y sus compa\u00f1eros y compa\u00f1eras&#8221; precisaba la carta enviada desde el ministerio de Educaci\u00f3n.<\/p>\n\n\n\n<p>Seg\u00fan comunic\u00f3 la Direcci\u00f3n General de Cultura y Educaci\u00f3n, para los otros a\u00f1os del nivel primario, en algunas circunstancias, &#8220;las clases a contraturno y de los d\u00edas s\u00e1bados ser\u00e1n obligatorias y una condici\u00f3n necesaria para garantizar el aprendizaje de los contenidos previstos para el 2020 y el 2021 y promocionar el a\u00f1o&#8221;. <\/p>\n\n\n\n<p>Para llevar adelante el lanzamiento de esta propuesta se abri\u00f3 el cargo docente que tendr\u00e1 una carga horaria de 20 horas semanales con el objetivo de apoyar el trabajo de los equipos docentes.<\/p>\n\n\n\n<p>Los elegidos tendr\u00e1n a cargo un grupo espec\u00edfico de estudiantes y se desempe\u00f1ar\u00e1n de manera presencial. Sin embargo, en el nivel secundario los docentes tendr\u00e1n la tarea de fortalecer las trayectorias educativas.<\/p>\n\n\n\n<p>Seg\u00fan indican desde la Direcci\u00f3n General de Cultura y Educaci\u00f3n, el programa alcanzar\u00e1 a 163 mil ni\u00f1os de Nivel Inicial, 72 mil de Nivel Primario que asisten a 1.200 escuelas, 475 mil alumnos de Nivel Secundario de 2.600 escuelas.<\/p>\n","protected":false},"excerpt":{"rendered":"<div class=\"mh-excerpt\"><p>La provincia de Buenos Aires va a poner en marcha el Programa &#8220;M\u00e1s Acompa\u00f1amiento a las Trayectorias y la Revinculaci\u00f3n (ATR), destinado a estudiantes de nivel inicial, primaria y secundaria en pos de afianzar sus trayectorias educativas o rendir materias previas. La iniciativa comenzar\u00e1 este mes y continuar\u00e1 hasta el 20 de diciembre. Posteriormente se retomar\u00e1 desde 1 de febrero al 4 de marzo de 2022. Mientras que durante enero, el programa continuar\u00e1 en articulaci\u00f3n con la propuesta l\u00fadico-recreativa que se llevar\u00e1 a cabo en clubes y predios al aire libre de los 135 distritos de la provincia, con caracter\u00edsticas <a class=\"mh-excerpt-more\" href=\"http:\/\/dsrmedios.com.ar\/diario\/archivos\/25507\" title=\"En nuestra provincia se dictar\u00e1n clases los d\u00edas s\u00e1bados y a contraturno\">[Leer m\u00e1s]<\/a><\/p>\n<\/div>","protected":false},"author":5,"featured_media":3194,"comment_status":"open","ping_status":"closed","sticky":false,"template":"","format":"standard","meta":{"_jetpack_newsletter_access":""},"categories":[18,7],"tags":[],"jetpack_featured_media_url":"http:\/\/dsrmedios.com.ar\/diario\/wp-content\/uploads\/2017\/12\/clases.jpg","jetpack_sharing_enabled":true,"jetpack_shortlink":"https:\/\/wp.me\/p9fihK-6Dp","_links":{"self":[{"href":"http:\/\/dsrmedios.com.ar\/diario\/wp-json\/wp\/v2\/posts\/25507"}],"collection":[{"href":"http:\/\/dsrmedios.com.ar\/diario\/wp-json\/wp\/v2\/posts"}],"about":[{"href":"http:\/\/dsrmedios.com.ar\/diario\/wp-json\/wp\/v2\/types\/post"}],"author":[{"embeddable":true,"href":"http:\/\/dsrmedios.com.ar\/diario\/wp-json\/wp\/v2\/users\/5"}],"replies":[{"embeddable":true,"href":"http:\/\/dsrmedios.com.ar\/diario\/wp-json\/wp\/v2\/comments?post=25507"}],"version-history":[{"count":1,"href":"http:\/\/dsrmedios.com.ar\/diario\/wp-json\/wp\/v2\/posts\/25507\/revisions"}],"predecessor-version":[{"id":25508,"href":"http:\/\/dsrmedios.com.ar\/diario\/wp-json\/wp\/v2\/posts\/25507\/revisions\/25508"}],"wp:featuredmedia":[{"embeddable":true,"href":"http:\/\/dsrmedios.com.ar\/diario\/wp-json\/wp\/v2\/media\/3194"}],"wp:attachment":[{"href":"http:\/\/dsrmedios.com.ar\/diario\/wp-json\/wp\/v2\/media?parent=25507"}],"wp:term":[{"taxonomy":"category","embeddable":true,"href":"http:\/\/dsrmedios.com.ar\/diario\/wp-json\/wp\/v2\/categories?post=25507"},{"taxonomy":"post_tag","embeddable":true,"href":"http:\/\/dsrmedios.com.ar\/diario\/wp-json\/wp\/v2\/tags?post=25507"}],"curies":[{"name":"wp","href":"https:\/\/api.w.org\/{rel}","templated":true}]}}