{"id":25498,"date":"2021-09-21T09:09:10","date_gmt":"2021-09-21T12:09:10","guid":{"rendered":"http:\/\/dsrmedios.com.ar\/diario\/?p=25498"},"modified":"2021-09-21T09:09:10","modified_gmt":"2021-09-21T12:09:10","slug":"anunciaron-el-levantamiento-de-restricciones-y-flexibilizacion-de-medidas-sanitarias","status":"publish","type":"post","link":"http:\/\/dsrmedios.com.ar\/diario\/archivos\/25498","title":{"rendered":"Anunciaron el levantamiento de restricciones y flexibilizaci\u00f3n de medidas sanitarias"},"content":{"rendered":"\n<p>El gobierno nacional anunci\u00f3 este martes la flexibilizaci\u00f3n de todas las restricciones que exist\u00edan por la pandemia y una de las m\u00e1s contundentes fue que ya no ser\u00e1 obligatorio el uso del tapaboca al aire libre: \u201cLevantamos la obligatoriedad del uso del tapaboca al aire libre, sin personas alrededor ni en aglomeraciones\u201d, inform\u00f3 Carla Vizzotti.<\/p>\n\n\n\n<p>Asimismo, la funcionaria aclar\u00f3 que \u201ccontin\u00faa siendo obligatoria en lugares cerrados (aula, cine, teatro, \u00e1mbitos de trabajo, transporte p\u00fablico, espect\u00e1culos y eventos masivos) y al aire libre cuando hay aglomerados de personas\u201d.<\/p>\n\n\n\n<p>La medida reg\u00eda desde mayo de 2020, casi dos meses despu\u00e9s de iniciada la pandemia, cuando, hasta ese momento, solo era obligatorio usarlo en locales comerciales, dependencias estatales y en medios de transporte.<\/p>\n\n\n\n<p>Adem\u00e1s, Vizzotti dijo que a partir de hoy est\u00e1n permitidas las reuniones sociales sin l\u00edmites de personas cumpliendo las medidas de prevenci\u00f3n, tapabocas, distancia y ventilaci\u00f3n; el aforo del 100% en actividades econ\u00f3micas, industriales, comerciales, de servicios, religiosas, culturales, deportivas, recreativas y sociales en lugares cerrados manteniendo las medidas de prevenci\u00f3n, tapaboca, distancia y ventilaci\u00f3n; y la autorizaci\u00f3n de viajes de jubilados y jubiladas, egresados y egresadas y principales de estudiantes o similares siguiendo los protocolos recomendados.<\/p>\n\n\n\n<p>Sobre las actividades nocturnas, dijo que las discotecas podr\u00e1n abrir con aforo del 50%, con esquema completo de vacuna (14 d\u00edas previos al evento), pero aclar\u00f3 que \u201ces la actividad de mayor riesgo teniendo en cuenta la variante Delta\u201d. Algo parecido ocurrir\u00e1 con los salones de fiestas, bailes o actividades similares: estar\u00e1 habilitado para personas que acrediten esquema completo de vacuna (14 d\u00edas previos al evento) o una dosis m\u00e1s test diagnostico (PCR o Ant\u00edgeno) negativo dentro de las 48 horas previas al evento. Tambi\u00e9n habr\u00e1 un protocolo especial para las fiestas de 15 o para menores de 17 a\u00f1os mientras avance la vacunaci\u00f3n en los y las adolescentes.<\/p>\n\n\n\n<p>Para los eventos masivos de m\u00e1s de mil personas, se habilitar\u00e1 a partir del 1 de octubre con aforo del 50% y \u201cse trabajar\u00e1 con los actores involucrados el protocolo espec\u00edfico en relaci\u00f3n a los requisitos\u201d.<\/p>\n\n\n\n<p>Sobre la apertura de fronteras, aclararon que deben estudiar las fechas estimadas con Migraciones, ANAC y otras autoridades. Pero adelantaron que el 24 de septiembre se elimina el aislamiento a argentinos, residentes y extranjeros que vengan por trabajo y est\u00e9n autorizados por la autoridad migratoria.<\/p>\n\n\n\n<p>En sinton\u00eda con esto, a partir del 1 de octubre se autorizar\u00e1 el ingreso de extranjeros de pa\u00edses lim\u00edtrofes sin aislamiento. La apertura de fronteras terrestres ser\u00e1 a pedido de gobernadores (con corredores seguros aprobados por la autoridad sanitaria con cupo definido por la capacidad de cada jurisdicci\u00f3n). Entre el 1 de octubre y 1 de noviembre incremento del cupo de ingreso progresivo en todos los corredores seguros, aeropuertos puertos y terrestres.<\/p>\n","protected":false},"excerpt":{"rendered":"<div class=\"mh-excerpt\"><p>El gobierno nacional anunci\u00f3 este martes la flexibilizaci\u00f3n de todas las restricciones que exist\u00edan por la pandemia y una de las m\u00e1s contundentes fue que ya no ser\u00e1 obligatorio el uso del tapaboca al aire libre: \u201cLevantamos la obligatoriedad del uso del tapaboca al aire libre, sin personas alrededor ni en aglomeraciones\u201d, inform\u00f3 Carla Vizzotti. Asimismo, la funcionaria aclar\u00f3 que \u201ccontin\u00faa siendo obligatoria en lugares cerrados (aula, cine, teatro, \u00e1mbitos de trabajo, transporte p\u00fablico, espect\u00e1culos y eventos masivos) y al aire libre cuando hay aglomerados de personas\u201d. La medida reg\u00eda desde mayo de 2020, casi dos meses despu\u00e9s de iniciada <a class=\"mh-excerpt-more\" href=\"http:\/\/dsrmedios.com.ar\/diario\/archivos\/25498\" title=\"Anunciaron el levantamiento de restricciones y flexibilizaci\u00f3n de medidas sanitarias\">[Leer m\u00e1s]<\/a><\/p>\n<\/div>","protected":false},"author":5,"featured_media":25499,"comment_status":"open","ping_status":"closed","sticky":false,"template":"","format":"standard","meta":{"_jetpack_newsletter_access":""},"categories":[18,6],"tags":[],"jetpack_featured_media_url":"http:\/\/dsrmedios.com.ar\/diario\/wp-content\/uploads\/2021\/09\/manzur.jpg","jetpack_sharing_enabled":true,"jetpack_shortlink":"https:\/\/wp.me\/p9fihK-6Dg","_links":{"self":[{"href":"http:\/\/dsrmedios.com.ar\/diario\/wp-json\/wp\/v2\/posts\/25498"}],"collection":[{"href":"http:\/\/dsrmedios.com.ar\/diario\/wp-json\/wp\/v2\/posts"}],"about":[{"href":"http:\/\/dsrmedios.com.ar\/diario\/wp-json\/wp\/v2\/types\/post"}],"author":[{"embeddable":true,"href":"http:\/\/dsrmedios.com.ar\/diario\/wp-json\/wp\/v2\/users\/5"}],"replies":[{"embeddable":true,"href":"http:\/\/dsrmedios.com.ar\/diario\/wp-json\/wp\/v2\/comments?post=25498"}],"version-history":[{"count":1,"href":"http:\/\/dsrmedios.com.ar\/diario\/wp-json\/wp\/v2\/posts\/25498\/revisions"}],"predecessor-version":[{"id":25500,"href":"http:\/\/dsrmedios.com.ar\/diario\/wp-json\/wp\/v2\/posts\/25498\/revisions\/25500"}],"wp:featuredmedia":[{"embeddable":true,"href":"http:\/\/dsrmedios.com.ar\/diario\/wp-json\/wp\/v2\/media\/25499"}],"wp:attachment":[{"href":"http:\/\/dsrmedios.com.ar\/diario\/wp-json\/wp\/v2\/media?parent=25498"}],"wp:term":[{"taxonomy":"category","embeddable":true,"href":"http:\/\/dsrmedios.com.ar\/diario\/wp-json\/wp\/v2\/categories?post=25498"},{"taxonomy":"post_tag","embeddable":true,"href":"http:\/\/dsrmedios.com.ar\/diario\/wp-json\/wp\/v2\/tags?post=25498"}],"curies":[{"name":"wp","href":"https:\/\/api.w.org\/{rel}","templated":true}]}}