{"id":25495,"date":"2021-09-21T08:57:29","date_gmt":"2021-09-21T11:57:29","guid":{"rendered":"http:\/\/dsrmedios.com.ar\/diario\/?p=25495"},"modified":"2021-09-21T08:57:31","modified_gmt":"2021-09-21T11:57:31","slug":"hoy-comienza-el-equinoccio-de-primavera-y-se-celebra-el-dia-del-estudiante","status":"publish","type":"post","link":"http:\/\/dsrmedios.com.ar\/diario\/archivos\/25495","title":{"rendered":"Hoy comienza el equinoccio de Primavera y se celebra el D\u00eda del Estudiante"},"content":{"rendered":"\n<p><strong>El\u00a0equinoccio de primavera\u00a0es el evento que\u00a0<\/strong><a href=\"https:\/\/www.lanacion.com.ar\/sociedad\/dia-primavera-mejores-frases-canciones-celebrar-su-nid2454256\/\"><strong>da comienzo a la estaci\u00f3n<\/strong><\/a><strong> y es el momento en el que los rayos del Sol inciden sobre el ecuador terrestre, lo que provoca que el d\u00eda y la noche tengan la misma duraci\u00f3n en todo el mundo. <\/strong><\/p>\n\n\n\n<p><strong>Pero este fen\u00f3meno no sucede siempre el 21 de septiembre.<\/strong><\/p>\n\n\n\n<p><strong>El equinoccio de primavera en 2021<\/strong>\u00a0<strong>se llevar\u00e1 a cabo el\u00a0mi\u00e9rcoles 22 de septiembre a las 16.20 horas\u00a0y desde entonces se empezar\u00e1n a transitar los tres meses de la estaci\u00f3n que deja atr\u00e1s al fr\u00edo e inaugura un per\u00edodo de floraci\u00f3n y temperaturas m\u00e1s amables.<\/strong><br><\/p>\n\n\n\n<p>La\u00a0<strong>primavera<\/strong>\u00a0(del lat\u00edn primo vere, principio de la primavera<sup><a href=\"https:\/\/es.wikipedia.org\/wiki\/Primavera#cite_note-1\">1<\/a><\/sup>\u200b) es una de las\u00a0<a href=\"https:\/\/es.wikipedia.org\/wiki\/Estaciones_del_a%C3%B1o\">cuatro estaciones del a\u00f1o<\/a>, sigue al\u00a0<a href=\"https:\/\/es.wikipedia.org\/wiki\/Invierno\">invierno<\/a>\u00a0y precede al\u00a0<a href=\"https:\/\/es.wikipedia.org\/wiki\/Verano\">verano<\/a>. La definici\u00f3n y duraci\u00f3n de la misma var\u00eda, desde el punto de vista\u00a0<a href=\"https:\/\/es.wikipedia.org\/wiki\/Meteorolog%C3%ADa\">meteorol\u00f3gico<\/a>, es propia de las\u00a0<a href=\"https:\/\/es.wikipedia.org\/wiki\/Zona_templada\">zonas templadas<\/a>\u00a0y corresponde a un tiempo intermedio entre la estaci\u00f3n fr\u00eda, el invierno, y c\u00e1lida, el verano. Desde la\u00a0<a href=\"https:\/\/es.wikipedia.org\/wiki\/Astronom%C3%ADa\">astronom\u00eda<\/a>, comienza en el\u00a0<a href=\"https:\/\/es.wikipedia.org\/wiki\/Equinoccio\">equinoccio de primavera<\/a>, que corresponde al 20\/21 de\u00a0<a href=\"https:\/\/es.wikipedia.org\/wiki\/Marzo\">marzo<\/a>\u00a0en el\u00a0<a href=\"https:\/\/es.wikipedia.org\/wiki\/Hemisferio_norte\">hemisferio norte<\/a>\u00a0y 21\/23 de\u00a0<a href=\"https:\/\/es.wikipedia.org\/wiki\/Septiembre\">septiembre<\/a>\u00a0en el\u00a0<a href=\"https:\/\/es.wikipedia.org\/wiki\/Hemisferio_sur\">hemisferio sur<\/a>. En el\u00a0<a href=\"https:\/\/es.wikipedia.org\/wiki\/Calendario\">calendario<\/a>, la primavera corresponde a los meses de, septiembre, octubre y noviembre.<\/p>\n\n\n\n<p>Esta temporada se identifica tradicionalmente con el renacimiento de la naturaleza, un aumento de las temperaturas medias, el&nbsp;<a href=\"https:\/\/es.wikipedia.org\/wiki\/Deshielo\">deshielo<\/a>, la&nbsp;<a href=\"https:\/\/es.wikipedia.org\/wiki\/Flor\">floraci\u00f3n de las plantas<\/a>, el despertar de los animales en&nbsp;<a href=\"https:\/\/es.wikipedia.org\/wiki\/Hibernaci%C3%B3n\">hibernaci\u00f3n<\/a>&nbsp;y el regreso de las&nbsp;<a href=\"https:\/\/es.wikipedia.org\/wiki\/Migraci%C3%B3n_animal\">especies migratorias<\/a>. Estas caracter\u00edsticas han hecho que sea usada como una&nbsp;<a href=\"https:\/\/es.wikipedia.org\/wiki\/Met%C3%A1fora\">met\u00e1fora<\/a>&nbsp;de la renovaci\u00f3n de la vida o de su primer desarrollo.<\/p>\n\n\n\n<p><\/p>\n","protected":false},"excerpt":{"rendered":"<div class=\"mh-excerpt\"><p>El\u00a0equinoccio de primavera\u00a0es el evento que\u00a0da comienzo a la estaci\u00f3n y es el momento en el que los rayos del Sol inciden sobre el ecuador terrestre, lo que provoca que el d\u00eda y la noche tengan la misma duraci\u00f3n en todo el mundo. Pero este fen\u00f3meno no sucede siempre el 21 de septiembre. El equinoccio de primavera en 2021\u00a0se llevar\u00e1 a cabo el\u00a0mi\u00e9rcoles 22 de septiembre a las 16.20 horas\u00a0y desde entonces se empezar\u00e1n a transitar los tres meses de la estaci\u00f3n que deja atr\u00e1s al fr\u00edo e inaugura un per\u00edodo de floraci\u00f3n y temperaturas m\u00e1s amables. La\u00a0primavera\u00a0(del lat\u00edn primo <a class=\"mh-excerpt-more\" href=\"http:\/\/dsrmedios.com.ar\/diario\/archivos\/25495\" title=\"Hoy comienza el equinoccio de Primavera y se celebra el D\u00eda del Estudiante\">[Leer m\u00e1s]<\/a><\/p>\n<\/div>","protected":false},"author":5,"featured_media":25496,"comment_status":"open","ping_status":"closed","sticky":false,"template":"","format":"standard","meta":{"_jetpack_newsletter_access":""},"categories":[18,31],"tags":[],"jetpack_featured_media_url":"http:\/\/dsrmedios.com.ar\/diario\/wp-content\/uploads\/2021\/09\/primavera21.jpg","jetpack_sharing_enabled":true,"jetpack_shortlink":"https:\/\/wp.me\/p9fihK-6Dd","_links":{"self":[{"href":"http:\/\/dsrmedios.com.ar\/diario\/wp-json\/wp\/v2\/posts\/25495"}],"collection":[{"href":"http:\/\/dsrmedios.com.ar\/diario\/wp-json\/wp\/v2\/posts"}],"about":[{"href":"http:\/\/dsrmedios.com.ar\/diario\/wp-json\/wp\/v2\/types\/post"}],"author":[{"embeddable":true,"href":"http:\/\/dsrmedios.com.ar\/diario\/wp-json\/wp\/v2\/users\/5"}],"replies":[{"embeddable":true,"href":"http:\/\/dsrmedios.com.ar\/diario\/wp-json\/wp\/v2\/comments?post=25495"}],"version-history":[{"count":1,"href":"http:\/\/dsrmedios.com.ar\/diario\/wp-json\/wp\/v2\/posts\/25495\/revisions"}],"predecessor-version":[{"id":25497,"href":"http:\/\/dsrmedios.com.ar\/diario\/wp-json\/wp\/v2\/posts\/25495\/revisions\/25497"}],"wp:featuredmedia":[{"embeddable":true,"href":"http:\/\/dsrmedios.com.ar\/diario\/wp-json\/wp\/v2\/media\/25496"}],"wp:attachment":[{"href":"http:\/\/dsrmedios.com.ar\/diario\/wp-json\/wp\/v2\/media?parent=25495"}],"wp:term":[{"taxonomy":"category","embeddable":true,"href":"http:\/\/dsrmedios.com.ar\/diario\/wp-json\/wp\/v2\/categories?post=25495"},{"taxonomy":"post_tag","embeddable":true,"href":"http:\/\/dsrmedios.com.ar\/diario\/wp-json\/wp\/v2\/tags?post=25495"}],"curies":[{"name":"wp","href":"https:\/\/api.w.org\/{rel}","templated":true}]}}