{"id":25493,"date":"2021-09-21T08:47:53","date_gmt":"2021-09-21T11:47:53","guid":{"rendered":"http:\/\/dsrmedios.com.ar\/diario\/?p=25493"},"modified":"2021-09-21T08:47:55","modified_gmt":"2021-09-21T11:47:55","slug":"las-exportaciones-bonaerenses-volvieron-a-ser-record-en-julio","status":"publish","type":"post","link":"http:\/\/dsrmedios.com.ar\/diario\/archivos\/25493","title":{"rendered":"Las exportaciones bonaerenses volvieron a ser r\u00e9cord en julio"},"content":{"rendered":"\n<p>\n\n\u201cEl Ministerio de Hacienda y Finanzas informa que las exportaciones de la provincia de Buenos Aires registraron el mejor julio del que se tiene registro en la Provincia\u201d, inform\u00f3 el gobierno de Axel Kicillof a trav\u00e9s de un comunicado.<\/p>\n\n\n\n<p>La cartera econ\u00f3mica se\u00f1al\u00f3 tambi\u00e9n que \u201cen el acumulado de los siete meses del a\u00f1o, las ventas al exterior alcanzaron los $US 15.055 millones, lo que representa el mejor acumulado a julio de los \u00faltimos 8 a\u00f1os\u201d. &nbsp;<\/p>\n\n\n\n<p>\u201cEl crecimiento interanual constante de las exportaciones de la Provincia es un indicio de la recuperaci\u00f3n econ\u00f3mica. En la comparaci\u00f3n del acumulado enero-julio de 2021-2020 vemos una recuperaci\u00f3n del 31,5%, y si se comparan los primeros siete meses de 2021 con el mismo periodo de 2019, la suba es del 16%\u201d, indic\u00f3 el ministro de Hacienda y Finanzas, Pablo L\u00f3pez.<\/p>\n\n\n\n<p>Y agreg\u00f3: \u201cEsta reactivaci\u00f3n s\u00f3lo es posible a trav\u00e9s de un Estado presente que contin\u00faa avanzando en pol\u00edticas concretas para construir la Provincia que queremos\u201d.<br><\/p>\n","protected":false},"excerpt":{"rendered":"<div class=\"mh-excerpt\"><p>\u201cEl Ministerio de Hacienda y Finanzas informa que las exportaciones de la provincia de Buenos Aires registraron el mejor julio del que se tiene registro en la Provincia\u201d, inform\u00f3 el gobierno de Axel Kicillof a trav\u00e9s de un comunicado. La cartera econ\u00f3mica se\u00f1al\u00f3 tambi\u00e9n que \u201cen el acumulado de los siete meses del a\u00f1o, las ventas al exterior alcanzaron los $US 15.055 millones, lo que representa el mejor acumulado a julio de los \u00faltimos 8 a\u00f1os\u201d. &nbsp; \u201cEl crecimiento interanual constante de las exportaciones de la Provincia es un indicio de la recuperaci\u00f3n econ\u00f3mica. En la comparaci\u00f3n del acumulado enero-julio <a class=\"mh-excerpt-more\" href=\"http:\/\/dsrmedios.com.ar\/diario\/archivos\/25493\" title=\"Las exportaciones bonaerenses volvieron a ser r\u00e9cord en julio\">[Leer m\u00e1s]<\/a><\/p>\n<\/div>","protected":false},"author":5,"featured_media":11064,"comment_status":"open","ping_status":"closed","sticky":false,"template":"","format":"standard","meta":{"_jetpack_newsletter_access":""},"categories":[18,7],"tags":[],"jetpack_featured_media_url":"http:\/\/dsrmedios.com.ar\/diario\/wp-content\/uploads\/2019\/02\/exportaciones.jpg","jetpack_sharing_enabled":true,"jetpack_shortlink":"https:\/\/wp.me\/p9fihK-6Db","_links":{"self":[{"href":"http:\/\/dsrmedios.com.ar\/diario\/wp-json\/wp\/v2\/posts\/25493"}],"collection":[{"href":"http:\/\/dsrmedios.com.ar\/diario\/wp-json\/wp\/v2\/posts"}],"about":[{"href":"http:\/\/dsrmedios.com.ar\/diario\/wp-json\/wp\/v2\/types\/post"}],"author":[{"embeddable":true,"href":"http:\/\/dsrmedios.com.ar\/diario\/wp-json\/wp\/v2\/users\/5"}],"replies":[{"embeddable":true,"href":"http:\/\/dsrmedios.com.ar\/diario\/wp-json\/wp\/v2\/comments?post=25493"}],"version-history":[{"count":1,"href":"http:\/\/dsrmedios.com.ar\/diario\/wp-json\/wp\/v2\/posts\/25493\/revisions"}],"predecessor-version":[{"id":25494,"href":"http:\/\/dsrmedios.com.ar\/diario\/wp-json\/wp\/v2\/posts\/25493\/revisions\/25494"}],"wp:featuredmedia":[{"embeddable":true,"href":"http:\/\/dsrmedios.com.ar\/diario\/wp-json\/wp\/v2\/media\/11064"}],"wp:attachment":[{"href":"http:\/\/dsrmedios.com.ar\/diario\/wp-json\/wp\/v2\/media?parent=25493"}],"wp:term":[{"taxonomy":"category","embeddable":true,"href":"http:\/\/dsrmedios.com.ar\/diario\/wp-json\/wp\/v2\/categories?post=25493"},{"taxonomy":"post_tag","embeddable":true,"href":"http:\/\/dsrmedios.com.ar\/diario\/wp-json\/wp\/v2\/tags?post=25493"}],"curies":[{"name":"wp","href":"https:\/\/api.w.org\/{rel}","templated":true}]}}