{"id":25491,"date":"2021-09-21T08:45:19","date_gmt":"2021-09-21T11:45:19","guid":{"rendered":"http:\/\/dsrmedios.com.ar\/diario\/?p=25491"},"modified":"2021-09-21T08:45:26","modified_gmt":"2021-09-21T11:45:26","slug":"axel-kicillof-relanza-su-gobierno-en-busca-de-reconquistar-los-votos-perdidos","status":"publish","type":"post","link":"http:\/\/dsrmedios.com.ar\/diario\/archivos\/25491","title":{"rendered":"Axel Kicillof relanza su gobierno en busca de reconquistar los votos perdidos"},"content":{"rendered":"\n<p>El gobernador bonaerense, Axel Kicillof, encabeza estas tarde la ceremonia en la que asumir\u00e1n los nuevos ministros de su gabinete de la Provincia, en sinton\u00eda con el recambio que realiz\u00f3 el Gobierno nacional tras la derrota en las PASO.<\/p>\n\n\n\n<p>El acto se llevar\u00e1 a cabo a las 16 en el Teatro Metro de la ciudad de La Plata, donde Kicillof le tomar\u00e1 juramento al intendente de Lomas de Zamora, Mart\u00edn Insaurralde, como jefe de Gabinete, en reemplazo de Carlos Bianco.<\/p>\n\n\n\n<p> TRAS LA DERROTA ELECTORAL<br><br> Tambi\u00e9n asumir\u00e1 como ministra de Gobierno la diputada nacional Cristina \u00c1lvarez Rodr\u00edguez, en reemplazo de Teresa Garc\u00eda, y el actual intendente de Malvinas Argentinas, Leonardo Nardini, como ministro de Infraestructura y Servicios P\u00fablicos, en lugar de Agust\u00edn Simone, que pasar\u00e1 al Instituto de la Vivienda. Al igual que en el Gobierno nacional, el gobernador de Buenos Aires tambi\u00e9n defini\u00f3 modificaciones en su equipo por la derrota electoral en las PASO.<\/p>\n\n\n\n<p>En medio de la crisis pol\u00edtica que se desat\u00f3 la semana pasada en el Frente de Todos a nivel nacional, los ministros de Kicillof, como sus pares nacionales del kirchnerismo, tambi\u00e9n hab\u00edan puesto sus renuncias a disposici\u00f3n del gobernador.<\/p>\n\n\n\n<p>El pasado lunes, el saliente jefe de Gabinete, Carlos Bianco, apoy\u00f3 los cambios dispuestos por Kicillof y dijo que son para &#8220;reforzar su gesti\u00f3n&#8221; de cara a las elecciones legislativas del 14 de noviembre. &#8220;Hay muchos votantes nuestros que no fueron a votar, porque por alguna raz\u00f3n no est\u00e1n conformes con cuestiones sociales y econ\u00f3micas que vivimos por la pandemia&#8221;, analiz\u00f3.<\/p>\n\n\n\n<p>En tanto, el gobernador bonaerense mantuvo un encuentro con Teresa Garc\u00eda y su reemplazante \u00c1lvarez Rodr\u00edguez para ordenar la transici\u00f3n. &#8220;Nos reunimos para iniciar la transici\u00f3n en el Ministerio de Gobierno. Analizamos el trabajo realizado y los desaf\u00edos que tenemos por delante en esta \u00e1rea tan importante de la gesti\u00f3n de cara a la pospandemia&#8221;, public\u00f3 el mandatario provincial en su cuenta de la red social Twitter.<\/p>\n\n\n\n<p>fuente:www.infocielo.com<\/p>\n","protected":false},"excerpt":{"rendered":"<div class=\"mh-excerpt\"><p>El gobernador bonaerense, Axel Kicillof, encabeza estas tarde la ceremonia en la que asumir\u00e1n los nuevos ministros de su gabinete de la Provincia, en sinton\u00eda con el recambio que realiz\u00f3 el Gobierno nacional tras la derrota en las PASO. El acto se llevar\u00e1 a cabo a las 16 en el Teatro Metro de la ciudad de La Plata, donde Kicillof le tomar\u00e1 juramento al intendente de Lomas de Zamora, Mart\u00edn Insaurralde, como jefe de Gabinete, en reemplazo de Carlos Bianco. TRAS LA DERROTA ELECTORAL Tambi\u00e9n asumir\u00e1 como ministra de Gobierno la diputada nacional Cristina \u00c1lvarez Rodr\u00edguez, en reemplazo de Teresa <a class=\"mh-excerpt-more\" href=\"http:\/\/dsrmedios.com.ar\/diario\/archivos\/25491\" title=\"Axel Kicillof relanza su gobierno en busca de reconquistar los votos perdidos\">[Leer m\u00e1s]<\/a><\/p>\n<\/div>","protected":false},"author":5,"featured_media":19405,"comment_status":"open","ping_status":"closed","sticky":false,"template":"","format":"standard","meta":{"_jetpack_newsletter_access":""},"categories":[18,31],"tags":[],"jetpack_featured_media_url":"http:\/\/dsrmedios.com.ar\/diario\/wp-content\/uploads\/2020\/07\/kicillof3.jpg","jetpack_sharing_enabled":true,"jetpack_shortlink":"https:\/\/wp.me\/p9fihK-6D9","_links":{"self":[{"href":"http:\/\/dsrmedios.com.ar\/diario\/wp-json\/wp\/v2\/posts\/25491"}],"collection":[{"href":"http:\/\/dsrmedios.com.ar\/diario\/wp-json\/wp\/v2\/posts"}],"about":[{"href":"http:\/\/dsrmedios.com.ar\/diario\/wp-json\/wp\/v2\/types\/post"}],"author":[{"embeddable":true,"href":"http:\/\/dsrmedios.com.ar\/diario\/wp-json\/wp\/v2\/users\/5"}],"replies":[{"embeddable":true,"href":"http:\/\/dsrmedios.com.ar\/diario\/wp-json\/wp\/v2\/comments?post=25491"}],"version-history":[{"count":1,"href":"http:\/\/dsrmedios.com.ar\/diario\/wp-json\/wp\/v2\/posts\/25491\/revisions"}],"predecessor-version":[{"id":25492,"href":"http:\/\/dsrmedios.com.ar\/diario\/wp-json\/wp\/v2\/posts\/25491\/revisions\/25492"}],"wp:featuredmedia":[{"embeddable":true,"href":"http:\/\/dsrmedios.com.ar\/diario\/wp-json\/wp\/v2\/media\/19405"}],"wp:attachment":[{"href":"http:\/\/dsrmedios.com.ar\/diario\/wp-json\/wp\/v2\/media?parent=25491"}],"wp:term":[{"taxonomy":"category","embeddable":true,"href":"http:\/\/dsrmedios.com.ar\/diario\/wp-json\/wp\/v2\/categories?post=25491"},{"taxonomy":"post_tag","embeddable":true,"href":"http:\/\/dsrmedios.com.ar\/diario\/wp-json\/wp\/v2\/tags?post=25491"}],"curies":[{"name":"wp","href":"https:\/\/api.w.org\/{rel}","templated":true}]}}