{"id":25486,"date":"2021-09-20T16:46:16","date_gmt":"2021-09-20T19:46:16","guid":{"rendered":"http:\/\/dsrmedios.com.ar\/diario\/?p=25486"},"modified":"2021-09-20T16:46:18","modified_gmt":"2021-09-20T19:46:18","slug":"san-miguel-arcangel-se-prepara-para-celebrar-su-118o-aniversario-2","status":"publish","type":"post","link":"http:\/\/dsrmedios.com.ar\/diario\/archivos\/25486","title":{"rendered":"San Miguel Arc\u00e1ngel se prepara para celebrar su 118\u00ba aniversario"},"content":{"rendered":"\n<p><\/p>\n\n\n\n<p>El pr\u00f3ximo domingo 3 de octubre se realizar\u00e1 la celebraci\u00f3n por el 118\u00ba aniversario de San Miguel Arc\u00e1ngel, que comenzar\u00e1 a partir de las 10hs y se extender\u00e1n durante el d\u00eda con una nutrida agenda de actividades culturales, gastron\u00f3micas y recreativas que tendr\u00e1n lugar en la Cancha Parroquial con entrada gratuita.<\/p>\n\n\n\n<p>El cronograma de actividades tiene previsto Patio de Comidas T\u00edpicas, Juegos Infantiles, Cerveza Artesanal, Campeonato de Kosser y Danzas Tradicionales a cargo de Ra\u00edces Alemanas.<\/p>\n\n\n\n<p>Adem\u00e1s, habr\u00e1 bandas en vivo con la presentaci\u00f3n de The Flavio\u2019s Ac\u00fastico, Daiana Pamela y \u201cTanz Mit Uns\u201d M\u00fasica Alemana.<\/p>\n\n\n\n<p>Desde el Municipio invitan a concurrir con silla y\/o reposera. <\/p>\n","protected":false},"excerpt":{"rendered":"<div class=\"mh-excerpt\"><p>El pr\u00f3ximo domingo 3 de octubre se realizar\u00e1 la celebraci\u00f3n por el 118\u00ba aniversario de San Miguel Arc\u00e1ngel, que comenzar\u00e1 a partir de las 10hs y se extender\u00e1n durante el d\u00eda con una nutrida agenda de actividades culturales, gastron\u00f3micas y recreativas que tendr\u00e1n lugar en la Cancha Parroquial con entrada gratuita. El cronograma de actividades tiene previsto Patio de Comidas T\u00edpicas, Juegos Infantiles, Cerveza Artesanal, Campeonato de Kosser y Danzas Tradicionales a cargo de Ra\u00edces Alemanas. Adem\u00e1s, habr\u00e1 bandas en vivo con la presentaci\u00f3n de The Flavio\u2019s Ac\u00fastico, Daiana Pamela y \u201cTanz Mit Uns\u201d M\u00fasica Alemana. Desde el Municipio invitan <a class=\"mh-excerpt-more\" href=\"http:\/\/dsrmedios.com.ar\/diario\/archivos\/25486\" title=\"San Miguel Arc\u00e1ngel se prepara para celebrar su 118\u00ba aniversario\">[Leer m\u00e1s]<\/a><\/p>\n<\/div>","protected":false},"author":5,"featured_media":25487,"comment_status":"open","ping_status":"closed","sticky":false,"template":"","format":"standard","meta":{"_jetpack_newsletter_access":""},"categories":[18,31],"tags":[],"jetpack_featured_media_url":"http:\/\/dsrmedios.com.ar\/diario\/wp-content\/uploads\/2021\/09\/sanmiguel.jpeg","jetpack_sharing_enabled":true,"jetpack_shortlink":"https:\/\/wp.me\/p9fihK-6D4","_links":{"self":[{"href":"http:\/\/dsrmedios.com.ar\/diario\/wp-json\/wp\/v2\/posts\/25486"}],"collection":[{"href":"http:\/\/dsrmedios.com.ar\/diario\/wp-json\/wp\/v2\/posts"}],"about":[{"href":"http:\/\/dsrmedios.com.ar\/diario\/wp-json\/wp\/v2\/types\/post"}],"author":[{"embeddable":true,"href":"http:\/\/dsrmedios.com.ar\/diario\/wp-json\/wp\/v2\/users\/5"}],"replies":[{"embeddable":true,"href":"http:\/\/dsrmedios.com.ar\/diario\/wp-json\/wp\/v2\/comments?post=25486"}],"version-history":[{"count":1,"href":"http:\/\/dsrmedios.com.ar\/diario\/wp-json\/wp\/v2\/posts\/25486\/revisions"}],"predecessor-version":[{"id":25488,"href":"http:\/\/dsrmedios.com.ar\/diario\/wp-json\/wp\/v2\/posts\/25486\/revisions\/25488"}],"wp:featuredmedia":[{"embeddable":true,"href":"http:\/\/dsrmedios.com.ar\/diario\/wp-json\/wp\/v2\/media\/25487"}],"wp:attachment":[{"href":"http:\/\/dsrmedios.com.ar\/diario\/wp-json\/wp\/v2\/media?parent=25486"}],"wp:term":[{"taxonomy":"category","embeddable":true,"href":"http:\/\/dsrmedios.com.ar\/diario\/wp-json\/wp\/v2\/categories?post=25486"},{"taxonomy":"post_tag","embeddable":true,"href":"http:\/\/dsrmedios.com.ar\/diario\/wp-json\/wp\/v2\/tags?post=25486"}],"curies":[{"name":"wp","href":"https:\/\/api.w.org\/{rel}","templated":true}]}}