{"id":25479,"date":"2021-09-20T16:21:17","date_gmt":"2021-09-20T19:21:17","guid":{"rendered":"http:\/\/dsrmedios.com.ar\/diario\/?p=25479"},"modified":"2021-09-20T16:21:19","modified_gmt":"2021-09-20T19:21:19","slug":"veda-del-pejerrey-en-la-provincia-de-buenos-aires-de-septiembre-a-diciembre","status":"publish","type":"post","link":"http:\/\/dsrmedios.com.ar\/diario\/archivos\/25479","title":{"rendered":"Veda del pejerrey en la Provincia de Buenos Aires, de septiembre a diciembre"},"content":{"rendered":"\n<p>En todo el territorio de la Provincia de Buenos Aires regir\u00e1 la veda para la pesca de pejerrey desde el 1 de septiembre, hasta el 1 de diciembre. El prop\u00f3sito de la medida que se aplica a\u00f1o tras a\u00f1o, es proteger a la especie durante el per\u00edodo de mayor actividad reproductiva.<br>Durante la veda, \u00fanicamente se permite la pr\u00e1ctica de la pesca deportiva y recreativa de pejerrey los d\u00edas s\u00e1bados, domingos y feriados, respetando el n\u00famero m\u00e1ximo de piezas a extraer por pescador y por d\u00eda.<br>Por ende en el Distrito de Adolfo Alsina, rige esta medida para todos los pesqueros desde el 1 de setiembre hasta el 1 de diciembre inclusive.<\/p>\n","protected":false},"excerpt":{"rendered":"<div class=\"mh-excerpt\"><p>En todo el territorio de la Provincia de Buenos Aires regir\u00e1 la veda para la pesca de pejerrey desde el 1 de septiembre, hasta el 1 de diciembre. El prop\u00f3sito de la medida que se aplica a\u00f1o tras a\u00f1o, es proteger a la especie durante el per\u00edodo de mayor actividad reproductiva.Durante la veda, \u00fanicamente se permite la pr\u00e1ctica de la pesca deportiva y recreativa de pejerrey los d\u00edas s\u00e1bados, domingos y feriados, respetando el n\u00famero m\u00e1ximo de piezas a extraer por pescador y por d\u00eda.Por ende en el Distrito de Adolfo Alsina, rige esta medida para todos los pesqueros desde <a class=\"mh-excerpt-more\" href=\"http:\/\/dsrmedios.com.ar\/diario\/archivos\/25479\" title=\"Veda del pejerrey en la Provincia de Buenos Aires, de septiembre a diciembre\">[Leer m\u00e1s]<\/a><\/p>\n<\/div>","protected":false},"author":5,"featured_media":25480,"comment_status":"open","ping_status":"closed","sticky":false,"template":"","format":"standard","meta":{"_jetpack_newsletter_access":""},"categories":[18,31],"tags":[],"jetpack_featured_media_url":"http:\/\/dsrmedios.com.ar\/diario\/wp-content\/uploads\/2021\/09\/pejes1.jpg","jetpack_sharing_enabled":true,"jetpack_shortlink":"https:\/\/wp.me\/p9fihK-6CX","_links":{"self":[{"href":"http:\/\/dsrmedios.com.ar\/diario\/wp-json\/wp\/v2\/posts\/25479"}],"collection":[{"href":"http:\/\/dsrmedios.com.ar\/diario\/wp-json\/wp\/v2\/posts"}],"about":[{"href":"http:\/\/dsrmedios.com.ar\/diario\/wp-json\/wp\/v2\/types\/post"}],"author":[{"embeddable":true,"href":"http:\/\/dsrmedios.com.ar\/diario\/wp-json\/wp\/v2\/users\/5"}],"replies":[{"embeddable":true,"href":"http:\/\/dsrmedios.com.ar\/diario\/wp-json\/wp\/v2\/comments?post=25479"}],"version-history":[{"count":1,"href":"http:\/\/dsrmedios.com.ar\/diario\/wp-json\/wp\/v2\/posts\/25479\/revisions"}],"predecessor-version":[{"id":25481,"href":"http:\/\/dsrmedios.com.ar\/diario\/wp-json\/wp\/v2\/posts\/25479\/revisions\/25481"}],"wp:featuredmedia":[{"embeddable":true,"href":"http:\/\/dsrmedios.com.ar\/diario\/wp-json\/wp\/v2\/media\/25480"}],"wp:attachment":[{"href":"http:\/\/dsrmedios.com.ar\/diario\/wp-json\/wp\/v2\/media?parent=25479"}],"wp:term":[{"taxonomy":"category","embeddable":true,"href":"http:\/\/dsrmedios.com.ar\/diario\/wp-json\/wp\/v2\/categories?post=25479"},{"taxonomy":"post_tag","embeddable":true,"href":"http:\/\/dsrmedios.com.ar\/diario\/wp-json\/wp\/v2\/tags?post=25479"}],"curies":[{"name":"wp","href":"https:\/\/api.w.org\/{rel}","templated":true}]}}