{"id":25470,"date":"2021-09-20T09:18:07","date_gmt":"2021-09-20T12:18:07","guid":{"rendered":"http:\/\/dsrmedios.com.ar\/diario\/?p=25470"},"modified":"2021-09-20T09:18:08","modified_gmt":"2021-09-20T12:18:08","slug":"intendentes-del-frente-de-todos-pidieron-que-se-felxibilize-la-nocturnidad-en-nuestra-provincia","status":"publish","type":"post","link":"http:\/\/dsrmedios.com.ar\/diario\/archivos\/25470","title":{"rendered":"Intendentes del Frente de Todos pidieron que se felxibilize la nocturnidad en nuestra Provincia"},"content":{"rendered":"\n<p>Intendentes del Frente de Todos comenzaron flexibilizar las restricciones por la pandemia y extendieron la nocturnidad, ante la baja de los contagios de coronavirus y los reclamos de sus propios ciudadanos, pese a que a\u00fan no existen modificaciones formales comunicadas desde Provincia.<\/p>\n\n\n\n<p>La habilitaci\u00f3n de fiestas populares y eventos deportivos con p\u00fablico hab\u00edan sido dos de los grandes reclamos que realizaron los jefes comunales del interior, el \u00faltimo viernes al gobernador Axel Kicillof, tal como blanque\u00f3 a Infocielo, el intendente de Coronel Su\u00e1rez, Ricardo Moccero.<\/p>\n\n\n\n<p>Los intendentes del Frente de Todos en el interior de la provincia le pidieron a Axel Kicillof que relaje las medidas de cuidado contra la pandemia de coronavirus.<br><strong>REUNI\u00d3N EN GOBERNACI\u00d3N<\/strong><br>Fiestas y f\u00fatbol: El pedido de los intendentes para Axel Kicillof<br>A la espera de esas se\u00f1ales, algunos jefes comunales se adelantaron y decidieron no seguir en desventaja con distritos gobernados por la oposici\u00f3n que, desde hace rato, se mueven en los grises y no respetan a raja tabla las disposiciones provinciales. \u00bf tuvieron un gui\u00f1o del gobierno bonaerense o se cortaron solos?<\/p>\n\n\n\n<p>Al festejo de aniversario de la ciudad de Laprida, que incluy\u00f3 un evento multitudinario organizado por el intendente Pablo Torres con un show del grupo de rock \u201cEstelares\u201d, le siguieron algunas otras disposiciones de alcaldes oficialistas.<\/p>\n\n\n\n<p>En Bol\u00edvar, el intendente Marcos Pisano, ampli\u00f3 desde el s\u00e1bado el horario de la nocturnidad hasta las 04:30 para \u201ccomercios, bares y locales gastron\u00f3micos\u201d a partir de la mejora de la situaci\u00f3n sanitaria.<\/p>\n\n\n\n<p>Lo propio hizo el ultraoficialista Pablo Zurro. En Pehuaj\u00f3, se extendi\u00f3 la libre circulaci\u00f3n hasta las 05:00 con una habilitaci\u00f3n casi total de las actividades. La \u00fanica exigencia (adem\u00e1s de horarios y aforos) es respetar los protocolos sanitarios.<\/p>\n\n\n\n<p>A partir del \u00faltimo decreto municipal, los comercios no tienen restricci\u00f3n horaria, a excepci\u00f3n de restaurantes, bares, confiter\u00edas, helader\u00edas, shops, que podr\u00e1n funcionar hasta las 05:00 con aforo del 70% y todos vacunados.<\/p>\n\n\n\n<p>En Trenque Lauquen, el intendente Miguel Fern\u00e1ndez, resolvi\u00f3 desde el \u00faltimo viernes, levantar la restricci\u00f3n horaria para actividades comerciales y la circulaci\u00f3n en la v\u00eda p\u00fablica: \u201cYa lo ven\u00edamos charlando y es una decisi\u00f3n que terminamos de tomar esta ma\u00f1ana (viernes) y por la cual se elimina la restricci\u00f3n horaria tanto a nivel comercial como de circulaci\u00f3n\u201d, confirm\u00f3 el secretario de Gobierno, Gustavo Marchabalo, para marcar que \u201choy que podemos dar el paso, decidimos hacerlo\u201d.<\/p>\n\n\n\n<p>Tambi\u00e9n en Carlos Tejedor, la intendenta Mar\u00eda Celia Gianini, habilit\u00f3 el funcionamiento de salones de eventos \u201ccon aforo del 50% y sin restricci\u00f3n de horario de cierre\u201d.<\/p>\n\n\n\n<p>Resta conocer, si estas novedades ser\u00e1n oficializadas formalmente la pr\u00f3xima semana por la provincia o si se producen dentro de los riesgos que decidieron asumir los intendentes ante los reclamos de sus vecinos.<\/p>\n\n\n\n<p>Fuente:www.inficocielo.com<\/p>\n","protected":false},"excerpt":{"rendered":"<div class=\"mh-excerpt\"><p>Intendentes del Frente de Todos comenzaron flexibilizar las restricciones por la pandemia y extendieron la nocturnidad, ante la baja de los contagios de coronavirus y los reclamos de sus propios ciudadanos, pese a que a\u00fan no existen modificaciones formales comunicadas desde Provincia. La habilitaci\u00f3n de fiestas populares y eventos deportivos con p\u00fablico hab\u00edan sido dos de los grandes reclamos que realizaron los jefes comunales del interior, el \u00faltimo viernes al gobernador Axel Kicillof, tal como blanque\u00f3 a Infocielo, el intendente de Coronel Su\u00e1rez, Ricardo Moccero. Los intendentes del Frente de Todos en el interior de la provincia le pidieron a <a class=\"mh-excerpt-more\" href=\"http:\/\/dsrmedios.com.ar\/diario\/archivos\/25470\" title=\"Intendentes del Frente de Todos pidieron que se felxibilize la nocturnidad en nuestra Provincia\">[Leer m\u00e1s]<\/a><\/p>\n<\/div>","protected":false},"author":5,"featured_media":23678,"comment_status":"open","ping_status":"closed","sticky":false,"template":"","format":"standard","meta":{"_jetpack_newsletter_access":""},"categories":[18,31],"tags":[],"jetpack_featured_media_url":"http:\/\/dsrmedios.com.ar\/diario\/wp-content\/uploads\/2021\/05\/clandestinas.jpg","jetpack_sharing_enabled":true,"jetpack_shortlink":"https:\/\/wp.me\/p9fihK-6CO","_links":{"self":[{"href":"http:\/\/dsrmedios.com.ar\/diario\/wp-json\/wp\/v2\/posts\/25470"}],"collection":[{"href":"http:\/\/dsrmedios.com.ar\/diario\/wp-json\/wp\/v2\/posts"}],"about":[{"href":"http:\/\/dsrmedios.com.ar\/diario\/wp-json\/wp\/v2\/types\/post"}],"author":[{"embeddable":true,"href":"http:\/\/dsrmedios.com.ar\/diario\/wp-json\/wp\/v2\/users\/5"}],"replies":[{"embeddable":true,"href":"http:\/\/dsrmedios.com.ar\/diario\/wp-json\/wp\/v2\/comments?post=25470"}],"version-history":[{"count":1,"href":"http:\/\/dsrmedios.com.ar\/diario\/wp-json\/wp\/v2\/posts\/25470\/revisions"}],"predecessor-version":[{"id":25471,"href":"http:\/\/dsrmedios.com.ar\/diario\/wp-json\/wp\/v2\/posts\/25470\/revisions\/25471"}],"wp:featuredmedia":[{"embeddable":true,"href":"http:\/\/dsrmedios.com.ar\/diario\/wp-json\/wp\/v2\/media\/23678"}],"wp:attachment":[{"href":"http:\/\/dsrmedios.com.ar\/diario\/wp-json\/wp\/v2\/media?parent=25470"}],"wp:term":[{"taxonomy":"category","embeddable":true,"href":"http:\/\/dsrmedios.com.ar\/diario\/wp-json\/wp\/v2\/categories?post=25470"},{"taxonomy":"post_tag","embeddable":true,"href":"http:\/\/dsrmedios.com.ar\/diario\/wp-json\/wp\/v2\/tags?post=25470"}],"curies":[{"name":"wp","href":"https:\/\/api.w.org\/{rel}","templated":true}]}}