{"id":25463,"date":"2021-09-17T15:33:22","date_gmt":"2021-09-17T18:33:22","guid":{"rendered":"http:\/\/dsrmedios.com.ar\/diario\/?p=25463"},"modified":"2021-09-17T15:33:24","modified_gmt":"2021-09-17T18:33:24","slug":"coro-municipal-recorrio-los-jardines-de-carhue","status":"publish","type":"post","link":"http:\/\/dsrmedios.com.ar\/diario\/archivos\/25463","title":{"rendered":"Coro Municipal recorri\u00f3 los jardines de Carhu\u00e9"},"content":{"rendered":"\n<p>\n\n\n\n\n\n\n\n\n\n\n\n\n\n\n\n\nEn el marco de la Semana de\nlas Artes, el Coro Municipal brind\u00f3 un &#8220;Concierto did\u00e1ctico&#8221; en los\nJardines y Casa del Ni\u00f1o de Carhu\u00e9.&nbsp;<br>\nEl coro, dirigido por Profesor Alberto Guede, &nbsp;interpret\u00f3 un repertorio\nformado por rondas infantiles tradicionales argentinas, de origen brasilero y\nafricano.<br><\/p>\n","protected":false},"excerpt":{"rendered":"<div class=\"mh-excerpt\"><p>En el marco de la Semana de las Artes, el Coro Municipal brind\u00f3 un &#8220;Concierto did\u00e1ctico&#8221; en los Jardines y Casa del Ni\u00f1o de Carhu\u00e9.&nbsp; El coro, dirigido por Profesor Alberto Guede, &nbsp;interpret\u00f3 un repertorio formado por rondas infantiles tradicionales argentinas, de origen brasilero y africano.<\/p>\n<\/div>","protected":false},"author":6,"featured_media":25464,"comment_status":"open","ping_status":"closed","sticky":false,"template":"","format":"standard","meta":{"_jetpack_newsletter_access":""},"categories":[31],"tags":[],"jetpack_featured_media_url":"http:\/\/dsrmedios.com.ar\/diario\/wp-content\/uploads\/2021\/09\/e241a553-9b41-670d-1707-980897f2f553.jpeg","jetpack_sharing_enabled":true,"jetpack_shortlink":"https:\/\/wp.me\/p9fihK-6CH","_links":{"self":[{"href":"http:\/\/dsrmedios.com.ar\/diario\/wp-json\/wp\/v2\/posts\/25463"}],"collection":[{"href":"http:\/\/dsrmedios.com.ar\/diario\/wp-json\/wp\/v2\/posts"}],"about":[{"href":"http:\/\/dsrmedios.com.ar\/diario\/wp-json\/wp\/v2\/types\/post"}],"author":[{"embeddable":true,"href":"http:\/\/dsrmedios.com.ar\/diario\/wp-json\/wp\/v2\/users\/6"}],"replies":[{"embeddable":true,"href":"http:\/\/dsrmedios.com.ar\/diario\/wp-json\/wp\/v2\/comments?post=25463"}],"version-history":[{"count":1,"href":"http:\/\/dsrmedios.com.ar\/diario\/wp-json\/wp\/v2\/posts\/25463\/revisions"}],"predecessor-version":[{"id":25465,"href":"http:\/\/dsrmedios.com.ar\/diario\/wp-json\/wp\/v2\/posts\/25463\/revisions\/25465"}],"wp:featuredmedia":[{"embeddable":true,"href":"http:\/\/dsrmedios.com.ar\/diario\/wp-json\/wp\/v2\/media\/25464"}],"wp:attachment":[{"href":"http:\/\/dsrmedios.com.ar\/diario\/wp-json\/wp\/v2\/media?parent=25463"}],"wp:term":[{"taxonomy":"category","embeddable":true,"href":"http:\/\/dsrmedios.com.ar\/diario\/wp-json\/wp\/v2\/categories?post=25463"},{"taxonomy":"post_tag","embeddable":true,"href":"http:\/\/dsrmedios.com.ar\/diario\/wp-json\/wp\/v2\/tags?post=25463"}],"curies":[{"name":"wp","href":"https:\/\/api.w.org\/{rel}","templated":true}]}}